{"id":9453,"date":"2020-04-29T13:40:45","date_gmt":"2020-04-29T11:40:45","guid":{"rendered":"https:\/\/cultura.umh.es\/?p=9453"},"modified":"2025-01-29T13:55:59","modified_gmt":"2025-01-29T12:55:59","slug":"pinzellades","status":"publish","type":"post","link":"https:\/\/cultura.umh.es\/es\/2020\/04\/29\/pinzellades\/","title":{"rendered":"\u00abPinceladas\u00bb"},"content":{"rendered":"<p><a href=\"https:\/\/cultura.umh.es\/files\/2020\/05\/Cartel_Pinceladasweb.jpg\" target=\"_blank\" rel=\"noopener noreferrer\"><img loading=\"lazy\" class=\"wp-image-9486 size-medium alignleft\" src=\"https:\/\/cultura.umh.es\/files\/2020\/05\/Cartel_Pinceladasweb-212x300.jpg\" alt=\"\" width=\"212\" height=\"300\" srcset=\"https:\/\/cultura.umh.es\/files\/2020\/05\/Cartel_Pinceladasweb-212x300.jpg 212w, https:\/\/cultura.umh.es\/files\/2020\/05\/Cartel_Pinceladasweb-768x1086.jpg 768w, https:\/\/cultura.umh.es\/files\/2020\/05\/Cartel_Pinceladasweb-724x1024.jpg 724w, https:\/\/cultura.umh.es\/files\/2020\/05\/Cartel_Pinceladasweb.jpg 1240w\" sizes=\"(max-width: 212px) 100vw, 212px\" \/><\/a><a href=\"https:\/\/cultura.umh.es\/es\/teatre2\/promocio-teatral\/representacions-companyia-umh\/\"><em><strong>Pinceladas<\/strong><\/em>, <\/a><em>performance<\/em> po\u00e9tica dramatizada sobre la obra del poeta \u201ccabrero\u201d Miguel Hern\u00e1ndez por La Compa\u00f1\u00eda de Teatro UMH<\/p>\n<p><a href=\"https:\/\/cultura.umh.es\/teatre2\/promocio-teatral\/representacions-companyia-umh\/\" target=\"_blank\" rel=\"noopener noreferrer\">&gt; Video<\/a><\/p>","protected":false},"excerpt":{"rendered":"<p>Pinceladas, performance po\u00e9tica dramatizada sobre la obra del poeta \u201ccabrero\u201d Miguel Hern\u00e1ndez por La Compa\u00f1\u00eda de Teatro UMH<br \/>\n&gt; Video<\/p>\n","protected":false},"author":2954,"featured_media":9483,"comment_status":"closed","ping_status":"closed","sticky":false,"template":"","format":"standard","meta":{"ngg_post_thumbnail":0,"_links_to":"","_links_to_target":""},"categories":[701],"tags":[1056500,287049],"_links":{"self":[{"href":"https:\/\/cultura.umh.es\/es\/wp-json\/wp\/v2\/posts\/9453"}],"collection":[{"href":"https:\/\/cultura.umh.es\/es\/wp-json\/wp\/v2\/posts"}],"about":[{"href":"https:\/\/cultura.umh.es\/es\/wp-json\/wp\/v2\/types\/post"}],"author":[{"embeddable":true,"href":"https:\/\/cultura.umh.es\/es\/wp-json\/wp\/v2\/users\/2954"}],"replies":[{"embeddable":true,"href":"https:\/\/cultura.umh.es\/es\/wp-json\/wp\/v2\/comments?post=9453"}],"version-history":[{"count":0,"href":"https:\/\/cultura.umh.es\/es\/wp-json\/wp\/v2\/posts\/9453\/revisions"}],"wp:featuredmedia":[{"embeddable":true,"href":"https:\/\/cultura.umh.es\/es\/wp-json\/wp\/v2\/media\/9483"}],"wp:attachment":[{"href":"https:\/\/cultura.umh.es\/es\/wp-json\/wp\/v2\/media?parent=9453"}],"wp:term":[{"taxonomy":"category","embeddable":true,"href":"https:\/\/cultura.umh.es\/es\/wp-json\/wp\/v2\/categories?post=9453"},{"taxonomy":"post_tag","embeddable":true,"href":"https:\/\/cultura.umh.es\/es\/wp-json\/wp\/v2\/tags?post=9453"}],"curies":[{"name":"wp","href":"https:\/\/api.w.org\/{rel}","templated":true}]}}