{"id":795,"date":"2011-07-26T14:59:41","date_gmt":"2011-07-26T12:59:41","guid":{"rendered":"http:\/\/valencia.zeus.umh.es\/?p=62"},"modified":"2023-09-12T13:48:10","modified_gmt":"2023-09-12T11:48:10","slug":"cursos-valencia-201112","status":"publish","type":"post","link":"https:\/\/cultura.umh.es\/es\/2011\/07\/26\/cursos-valencia-201112\/","title":{"rendered":"Cursos valenci\u00e0 2011\/12"},"content":{"rendered":"<p><\/p>\n<p><p><strong><span style=\"text-decoration: underline\">Informaci\u00f3 general: els cursos estan oberts a totes les persones interessades.<\/span><\/strong><\/p>\n<p>Els cursos comen\u00e7aran la setmana del 19 de setembre 2011 (fins la setmana del 28 de maig de 2012), la matr\u00edcula es podr\u00e0 fer a partir del dilluns 5 de setembre en<span style=\"text-decoration: underline\"> <\/span><a href=\"http:\/\/www.umh.es\/recibos\">http:\/\/www.umh.es\/recibos<\/a> (Tipo: Cursos de valenci\u00e0, Subtipo: nivell xxx)<\/p>\n<p><strong><span style=\"text-decoration: underline\">El preu del curs \u00e9s de 90 euros. Els estudiants i personal umh tindran una reducci\u00f3 del 50%. Els portardors de <a href=\"http:\/\/ve.umh.es\/blogs\/edicionsimemories\/diversos\/2010-dic-normativatarjetasolidaria.pdf\" target=\"_blank\" rel=\"noopener\">targeta solidaria <\/a>tindran una reducci\u00f3 del 50%. Els portadors de <a href=\"http:\/\/ve.umh.es\/blogs\/edicionsimemories\/diversos\/2010-normativatarjetaextensa.pdf\" target=\"_blank\" rel=\"noopener\">targeta extensa<\/a> tenen un preu especial de\u00a067,50 Euros.<\/span><\/strong><\/p>\n<p><strong><span style=\"text-decoration: underline\">Els cursos es posaran en marxa amb un m\u00ednim de 10 persones matriculades.<\/span><\/strong><\/p>\n<p><strong> <\/strong><\/p>\n<p><strong><span style=\"text-decoration: underline\">CAMPUS ELX <\/span><\/strong><\/p>\n<ul>\n<li><span style=\"text-decoration: underline\">Nivell\u00a0B1 (elemental): dimarts de 16:30 a 19 hores. <span style=\"color: #ff0000\"><strong>7 de febrer no hi haur\u00e0 classe<\/strong><\/span><\/span>\n<ul>\n<li>Del 20\/09 al 04\/11 i del 21\/11 al 09\/01, aula 2.4 La G\u00e0l\u00b7lia<\/li>\n<li>Del 07\/11 al 18\/11, aula 1.4 Altet<\/li>\n<li>07\/02, aula 0.2 Altabix<\/li>\n<li>Del 14\/02 al 31\/05, aula 0.2 La G\u00e0l\u00b7lia<\/li>\n<li><a href=\"http:\/\/ve.umh.es\/blogs\/valencia\/cursos\/11-12\/elemental_elx.pdf\" target=\"_blank\" rel=\"noopener\">Llistat<\/a><\/li>\n<\/ul>\n<\/li>\n<li><span style=\"text-decoration: underline\">Nivell\u00a0C1 (mitj\u00e0): dimecres de 16:30 a 19 hores. <\/span>\n<ul>\n<li>Del 20\/09 al 04\/11 i del 21\/11 al 09\/01, aula 2.4 La G\u00e0l\u00b7lia<\/li>\n<li>Del 07\/11 al 18\/11, aula 1.4 Altet<\/li>\n<li>Del 14\/02 al 31\/05, aula 0.2 La G\u00e0l\u00b7lia<\/li>\n<li><a href=\"http:\/\/ve.umh.es\/blogs\/valencia\/cursos\/11-12\/mitja_elx.pdf\" target=\"_blank\" rel=\"noopener\">Llistat<\/a><\/li>\n<\/ul>\n<\/li>\n<li><span style=\"text-decoration: underline\">Nivell\u00a0C1 Intensiu dissabtes: de 9:30 a 13:30 hores (del\u00a03 desembre fins el 26 de maig).<\/span>\n<ul>\n<li>Grup A: Del 03\/12 al 26\/05, aula 0.2 la G\u00e0l\u00b7lia<\/li>\n<li>Grup B: Del 03\/12 al 26\/05, aula 2.5B la G\u00e0l\u00b7lia<\/li>\n<li><a href=\"http:\/\/ve.umh.es\/blogs\/valencia\/cursos\/11-12\/mitja_dissabtes_elx.pdf\" target=\"_blank\" rel=\"noopener\">Llistat<\/a><\/li>\n<\/ul>\n<\/li>\n<li><span style=\"text-decoration: underline\">Nivell C1 Intensiu juliol 2012<\/span>: <span style=\"color: #ff0000\">del\u00a02 al 27 de juliol de 2012 de dilluns a divendres de 9:30 a 13:30 hores, aula per determinar, la matriculaci\u00f3 s&#8217;obrir\u00e0 en maig 2012.<\/span><\/li>\n<li><span style=\"text-decoration: underline\">Nivell C2 (superior): dijous de 16:30 a 19 hores. <\/span>\n<ul>\n<li>Del 20\/09 al 04\/11 i del 21\/11 al 09\/02, aula 2.4 La G\u00e0l\u00b7lia<\/li>\n<li>Del 07\/11 al 18\/11, aula 1.4 Altet<\/li>\n<li>Del 14\/02 al 29\/05, aula 1.3 Altabix<\/li>\n<li>31\/05, aula 1.7 Altabix<\/li>\n<li><a href=\"http:\/\/ve.umh.es\/blogs\/valencia\/cursos\/11-12\/superior_elx.pdf\" target=\"_blank\" rel=\"noopener\">Llistat<\/a><\/li>\n<\/ul>\n<\/li>\n<li><span style=\"text-decoration: underline\">Nivell C2 (superior): dissabtes de 9:30 a 13:30 (del 3 de desembre al 26 de maig).<\/span>\n<ul>\n<li>Del 03\/12 al 26\/05, aula 2.3 La G\u00e0l\u00b7lia<\/li>\n<li>04\/02 i 07\/02, aula 2.4 La G\u00e0l\u00b7lia<\/li>\n<li><a href=\"http:\/\/ve.umh.es\/blogs\/valencia\/cursos\/11-12\/superior_dissabtes_elx.pdf\" target=\"_blank\" rel=\"noopener\">Llistat<\/a><\/li>\n<\/ul>\n<\/li>\n<\/ul>\n<p><strong><span style=\"text-decoration: underline\">CAMPUS SANT JOAN D&#8217;ALACANT <\/span><\/strong><\/p>\n<ul>\n<li><span style=\"text-decoration: underline\">Nivell\u00a0B1 (elemental): dimarts de 16:30 a 19 hores. <\/span>\n<ul>\n<li>20\/09: aula 2 edif. 1<\/li>\n<li>Resta del curs: aula 10 edif. 1<\/li>\n<li><a href=\"http:\/\/ve.umh.es\/blogs\/valencia\/cursos\/11-12\/elemental_sant_joan.pdf\" target=\"_blank\" rel=\"noopener\">Llistat<\/a><\/li>\n<\/ul>\n<\/li>\n<li><span style=\"text-decoration: underline\">Nivell C1 (mitj\u00e0) : <\/span><span style=\"text-decoration: underline\">dijous de 16:30 a 19 hores. <\/span>\n<ul>\n<li>22\/09: aula 2 edif. 1<\/li>\n<li>20\/10: aula 10 edif. 1<\/li>\n<li>Resta del curs: aula 10 edif. 1<\/li>\n<li><a href=\"http:\/\/ve.umh.es\/blogs\/valencia\/cursos\/11-12\/mitja_sant_joan.pdf\" target=\"_blank\" rel=\"noopener\">Llistat<\/a><\/li>\n<\/ul>\n<\/li>\n<li><span style=\"text-decoration: underline\">Nivell\u00a0C2 (superior): <\/span><span style=\"text-decoration: underline\">dimecres, de 16:30 a 19:00 hores. <\/span>\n<ul>\n<li>21\/09: aula 2 edif. 1<\/li>\n<li>26\/10, 9 i 23\/11: aula 5 edif. 1<\/li>\n<li>16\/11: aula 6 edif.1<\/li>\n<li>Resta del curs: aula 10 edif. 1<\/li>\n<li><a href=\"http:\/\/ve.umh.es\/blogs\/valencia\/cursos\/11-12\/superior_sant_joan.pdf\" target=\"_blank\" rel=\"noopener\">Llistat<\/a><\/li>\n<\/ul>\n<\/li>\n<li><span style=\"text-decoration: underline\">Nivell B1 (elemental) per a <strong>PAS\/PDI<\/strong>: dilluns a divendres de 8:00 a 9:00 hores.<\/span>\n<ul>\n<li> Del 3\/10 al 27\/01: aula 7 edif. 1<\/li>\n<\/ul>\n<\/li>\n<\/ul>\n<p><strong><span style=\"text-decoration: underline\">CAMPUS ORIOLA <\/span><\/strong><\/p>\n<ul>\n<li><span style=\"text-decoration: underline\">Nivell\u00a0B1(elemental) dilluns de 16:30 a 19 hores Salesas. <\/span>\n<ul>\n<li>Aula 1.1-B<\/li>\n<li><a href=\"http:\/\/ve.umh.es\/blogs\/valencia\/cursos\/11-12\/elemental_oriola.pdf\" target=\"_blank\" rel=\"noopener\">Llistat<\/a><\/li>\n<\/ul>\n<\/li>\n<li><span style=\"text-decoration: underline\">Nivell C1 (mitj\u00e0)\u00a0: dimarts de 16,30 a 19 hores. Salesas.<\/span>\n<ul>\n<li>Aula 1.1-B<\/li>\n<li><a href=\"http:\/\/ve.umh.es\/blogs\/valencia\/cursos\/11-12\/mitja_oriola.pdf\" target=\"_blank\" rel=\"noopener\">Llistat<\/a><\/li>\n<\/ul>\n<\/li>\n<li><span style=\"text-decoration: underline\">Nivell C2 (superior): dimecres de 16:30 a 19 hores. Salesas.<\/span>\n<ul>\n<li>De setembre a mar\u00e7, aula 2.5<\/li>\n<li>Abril i maig, aula 1.1-A<\/li>\n<li><a href=\"http:\/\/ve.umh.es\/blogs\/valencia\/cursos\/11-12\/superior_oriola.pdf\" target=\"_blank\" rel=\"noopener\">Llistat<\/a><\/li>\n<\/ul>\n<\/li>\n<\/ul>\n<p><strong><span style=\"text-decoration: underline\">CAMPUS ALTEA <\/span><\/strong><\/p>\n<ul>\n<li><span style=\"text-decoration: underline\">Nivell\u00a0A2<\/span><\/li>\n<li><span style=\"text-decoration: underline\">NIvell\u00a0B1, dilluns de 16:30 a 19:00 hores. <\/span>\n<ul>\n<li>Sala de Graus edif. Albir<\/li>\n<li><a href=\"http:\/\/ve.umh.es\/blogs\/valencia\/cursos\/11-12\/elemental_altea.pdf\" target=\"_blank\" rel=\"noopener\">Llistat<\/a><\/li>\n<\/ul>\n<\/li>\n<li><span style=\"text-decoration: underline\">Nivell\u00a0C1, dimarts de 16:30 a 19:00 hores.<\/span>\n<ul>\n<li>Sala de Graus edif. Albir<\/li>\n<li><a href=\"http:\/\/ve.umh.es\/blogs\/valencia\/cursos\/11-12\/mitja_altea.pdf\" target=\"_blank\" rel=\"noopener\">Llistat<\/a><\/li>\n<\/ul>\n<\/li>\n<li><span style=\"text-decoration: underline\">Nivell\u00a0C2<\/span><\/li>\n<\/ul>\n<p><strong>Cursos per a PAS i PDI<\/strong> umh, informaci\u00f3 en 966-658-830 i <a href=\"mailto:prova@umh.es\">prova@umh.es<\/a><\/p>\n<p style=\"padding-left: 30px\"><a href=\"mailto:prova@umh.es\"><\/a><\/p>\n<\/p>\n<p><\/p>","protected":false},"excerpt":{"rendered":"<p>Informaci\u00f3 general: els cursos estan oberts a totes les persones interessades.<br \/>\nEls cursos comen\u00e7aran la setmana del 19 de setembre 2011 (fins la setmana del 28 de maig de 2012), la matr\u00edcula es podr\u00e0 fer a partir del dilluns 5 de setembre en http:\/\/www.umh.es\/recibos (Tipo: Cursos de valenci\u00e0, Subtipo: nivell xxx)<br \/>\nEl preu del curs \u00e9s de [&#8230;]<\/p>\n","protected":false},"author":1,"featured_media":0,"comment_status":"closed","ping_status":"closed","sticky":false,"template":"","format":"standard","meta":{"ngg_post_thumbnail":0,"_links_to":"","_links_to_target":""},"categories":[3298],"tags":[],"_links":{"self":[{"href":"https:\/\/cultura.umh.es\/es\/wp-json\/wp\/v2\/posts\/795"}],"collection":[{"href":"https:\/\/cultura.umh.es\/es\/wp-json\/wp\/v2\/posts"}],"about":[{"href":"https:\/\/cultura.umh.es\/es\/wp-json\/wp\/v2\/types\/post"}],"author":[{"embeddable":true,"href":"https:\/\/cultura.umh.es\/es\/wp-json\/wp\/v2\/users\/1"}],"replies":[{"embeddable":true,"href":"https:\/\/cultura.umh.es\/es\/wp-json\/wp\/v2\/comments?post=795"}],"version-history":[{"count":0,"href":"https:\/\/cultura.umh.es\/es\/wp-json\/wp\/v2\/posts\/795\/revisions"}],"wp:attachment":[{"href":"https:\/\/cultura.umh.es\/es\/wp-json\/wp\/v2\/media?parent=795"}],"wp:term":[{"taxonomy":"category","embeddable":true,"href":"https:\/\/cultura.umh.es\/es\/wp-json\/wp\/v2\/categories?post=795"},{"taxonomy":"post_tag","embeddable":true,"href":"https:\/\/cultura.umh.es\/es\/wp-json\/wp\/v2\/tags?post=795"}],"curies":[{"name":"wp","href":"https:\/\/api.w.org\/{rel}","templated":true}]}}