{"id":7139,"date":"2018-06-19T13:34:31","date_gmt":"2018-06-19T11:34:31","guid":{"rendered":"https:\/\/cultura.umh.es\/?p=7139"},"modified":"2023-09-07T10:26:23","modified_gmt":"2023-09-07T08:26:23","slug":"curso-destiu-taller-practic-de-radio-estranys-en-el-paradis-del-podcast-del-garatge-a-la-professionalitzacio","status":"publish","type":"post","link":"https:\/\/cultura.umh.es\/es\/2018\/06\/19\/curso-destiu-taller-practic-de-radio-estranys-en-el-paradis-del-podcast-del-garatge-a-la-professionalitzacio\/","title":{"rendered":"Curso de Verano \u00abTaller pr\u00e1ctico de radio [Extra\u00f1os en el para\u00edso del podcast: del garaje a la profesionalizaci\u00f3n]\u00bb"},"content":{"rendered":"<p><a href=\"http:\/\/www.umh.es\/contenido\/Estudiantes\/:tit_fpo_9536\/datos_es.html\" target=\"_blank\" rel=\"noopener\"><img loading=\"lazy\" width=\"300\" height=\"557\" class=\"alignnone wp-image-7193 \" alt=\"Taller Pr\u00e0ctic de R\u00e0dio \" src=\"https:\/\/cultura.umh.es\/files\/2018\/06\/IMG-20180524-WA0011.jpg\"><\/a><\/p>\n<h4>Objetivos del curso<\/h4>\n<div class=\"caja-datos\">\n<p>&#8211; Conocer en qu\u00e9 consiste el fen\u00f3meno sin nacionalidad llamado \u00abpodcasting\u00bb.<br \/>\n&#8211; An\u00e1lisis de programas y plataformas de podcast: de \u00abGimlet Media\u00bb o \u00abThis American Life\u00bb a P\u00f3dium Podcast con parada en \u00abRadio Ambulante\u00bb y \u00abCuonda\u00bb.<br \/>\n&#8211; C\u00f3mo innovar en el formato podcast: producci\u00f3n, distribuci\u00f3n y comercializaci\u00f3n.<br \/>\n&#8211; Diferentes usos y realidades del podcast.&nbsp;<br \/>\n&#8211; Realizar un podcast.<\/p>\n<h5>Preinscripci\u00f3n:&nbsp;25\/04\/18 a&nbsp;22\/06\/18<\/h5>\n<h5>Matriculaci\u00f3n:&nbsp;25\/04\/18 a&nbsp;22\/06\/18<\/h5>\n<h5>Duraci\u00f3n:&nbsp;25\/06\/18 a&nbsp;29\/06\/18<\/h5>\n<h5>Horas:&nbsp;25<\/h5>\n<p>M\u00e1s informaci\u00f3n en el siguiente&nbsp;<a href=\"http:\/\/www.umh.es\/contenido\/Estudiantes\/:tit_fpo_9536\/datos_es.html\" target=\"_blank\" rel=\"noopener\">enlace<\/a>.<\/p>\n<\/div>\n<p><\/p>","protected":false},"excerpt":{"rendered":"<p>Objetivos del curso<\/p>\n<p>&#8211; Conocer en qu\u00e9 consiste el fen\u00f3meno sin nacionalidad llamado \u00abpodcasting\u00bb.<br \/>\n&#8211; An\u00e1lisis de programas y plataformas de podcast: de \u00abGimlet Media\u00bb o \u00abThis American Life\u00bb a P\u00f3dium Podcast con parada en \u00abRadio Ambulante\u00bb y \u00abCuonda\u00bb.<br \/>\n&#8211; C\u00f3mo innovar en el formato podcast: producci\u00f3n, distribuci\u00f3n y comercializaci\u00f3n.<br \/>\n&#8211; Diferentes usos y realidades del podcast.&nbsp;<br \/>\n&#8211; Realizar un [&#8230;]<\/p>\n","protected":false},"author":4232,"featured_media":7196,"comment_status":"closed","ping_status":"closed","sticky":false,"template":"","format":"standard","meta":{"ngg_post_thumbnail":0,"_links_to":"","_links_to_target":""},"categories":[6],"tags":[3725],"_links":{"self":[{"href":"https:\/\/cultura.umh.es\/es\/wp-json\/wp\/v2\/posts\/7139"}],"collection":[{"href":"https:\/\/cultura.umh.es\/es\/wp-json\/wp\/v2\/posts"}],"about":[{"href":"https:\/\/cultura.umh.es\/es\/wp-json\/wp\/v2\/types\/post"}],"author":[{"embeddable":true,"href":"https:\/\/cultura.umh.es\/es\/wp-json\/wp\/v2\/users\/4232"}],"replies":[{"embeddable":true,"href":"https:\/\/cultura.umh.es\/es\/wp-json\/wp\/v2\/comments?post=7139"}],"version-history":[{"count":0,"href":"https:\/\/cultura.umh.es\/es\/wp-json\/wp\/v2\/posts\/7139\/revisions"}],"wp:featuredmedia":[{"embeddable":true,"href":"https:\/\/cultura.umh.es\/es\/wp-json\/wp\/v2\/media\/7196"}],"wp:attachment":[{"href":"https:\/\/cultura.umh.es\/es\/wp-json\/wp\/v2\/media?parent=7139"}],"wp:term":[{"taxonomy":"category","embeddable":true,"href":"https:\/\/cultura.umh.es\/es\/wp-json\/wp\/v2\/categories?post=7139"},{"taxonomy":"post_tag","embeddable":true,"href":"https:\/\/cultura.umh.es\/es\/wp-json\/wp\/v2\/tags?post=7139"}],"curies":[{"name":"wp","href":"https:\/\/api.w.org\/{rel}","templated":true}]}}