{"id":656,"date":"2012-01-02T11:29:17","date_gmt":"2012-01-02T10:29:17","guid":{"rendered":"http:\/\/cultura.umh.es\/2012\/01\/02\/viii-certamen-nacional-de-pintura-miradas-2012\/"},"modified":"2023-09-12T13:06:06","modified_gmt":"2023-09-12T11:06:06","slug":"viii-certamen-nacional-de-pintura-miradas-2012","status":"publish","type":"post","link":"https:\/\/cultura.umh.es\/es\/2012\/01\/02\/viii-certamen-nacional-de-pintura-miradas-2012\/","title":{"rendered":"VIII Certamen Nacional de Pintura \u00abMiradas 2012\u00bb"},"content":{"rendered":"<p><\/p>\n<p>La Fundaci\u00f3n Jorge Ali\u00f3 para la Prevenci\u00f3n de la Ceguera convoca el VIII Certamen Nacional de Pintura \u201cMiradas 2012\u201d, en el que se otorgar\u00e1n seis premios a otros tantos artistas que mejor logren plasmar y despertar la conciencia social acerca de la importancia de la prevenci\u00f3n de la ceguera y otros problemas de la visi\u00f3n.<\/p>\n<p><strong>Premios<\/strong>:<\/p>\n<ul>\n<li>Premio \u201cMiradas 2012\u201d dotado con 4.000 \u20ac, patrocinado por la entidad Caja Duero.<\/li>\n<li>Premio \u201cFundaci\u00f3n Jorge Ali\u00f3\u201d dotado con 3.000 \u20ac, patrocinado por la Fundaci\u00f3n Jorge Ali\u00f3.<\/li>\n<li>Premio al \u201cMejor Artista Novel\u201d, dotado con 1.500 \u20ac, patrocinado por la Universidad Miguel Hern\u00e1ndez de Elche.<\/li>\n<li>Premio al \u201cMejor Artista con Discapacidad Visual\u201d dotado con 1.500 \u20ac, patrocinado por la Asociaci\u00f3n de Artistas Alicantinos y La Caixa.<\/li>\n<li>Dos \u201cMenciones Honor\u00edficas\u201d dotadas con material de pintura valoradas en 1.000 \u20ac cada una, patrocinadas por Lienzos Levante.<\/li>\n<li>Premio de Honor a la \u201cMejor Trayectoria Profesional y Art\u00edstica\u201d, patrocinado por El Corte Ingl\u00e9s.<\/li>\n<\/ul>\n<p><a href=\"http:\/\/www.fundacionalio.com\/ver_noti.php?urlPaginaVuelta=9&amp;idNoti=153\" target=\"_blank\" rel=\"noopener\">Informaci\u00f3n completa<\/a><\/p>\n<p><\/p>","protected":false},"excerpt":{"rendered":"<p>La Fundaci\u00f3n Jorge Ali\u00f3 para la Prevenci\u00f3n de la Ceguera convoca el VIII Certamen Nacional de Pintura \u201cMiradas 2012\u201d, en el que se otorgar\u00e1n seis premios a otros tantos artistas que mejor logren plasmar y despertar la conciencia social acerca de la importancia de la prevenci\u00f3n de la ceguera y otros problemas de la visi\u00f3n.<br \/>\nPremios:<\/p>\n<p>Premio [&#8230;]<\/p>\n","protected":false},"author":1,"featured_media":0,"comment_status":"closed","ping_status":"closed","sticky":false,"template":"","format":"standard","meta":{"ngg_post_thumbnail":0,"_links_to":"","_links_to_target":""},"categories":[707],"tags":[],"_links":{"self":[{"href":"https:\/\/cultura.umh.es\/es\/wp-json\/wp\/v2\/posts\/656"}],"collection":[{"href":"https:\/\/cultura.umh.es\/es\/wp-json\/wp\/v2\/posts"}],"about":[{"href":"https:\/\/cultura.umh.es\/es\/wp-json\/wp\/v2\/types\/post"}],"author":[{"embeddable":true,"href":"https:\/\/cultura.umh.es\/es\/wp-json\/wp\/v2\/users\/1"}],"replies":[{"embeddable":true,"href":"https:\/\/cultura.umh.es\/es\/wp-json\/wp\/v2\/comments?post=656"}],"version-history":[{"count":0,"href":"https:\/\/cultura.umh.es\/es\/wp-json\/wp\/v2\/posts\/656\/revisions"}],"wp:attachment":[{"href":"https:\/\/cultura.umh.es\/es\/wp-json\/wp\/v2\/media?parent=656"}],"wp:term":[{"taxonomy":"category","embeddable":true,"href":"https:\/\/cultura.umh.es\/es\/wp-json\/wp\/v2\/categories?post=656"},{"taxonomy":"post_tag","embeddable":true,"href":"https:\/\/cultura.umh.es\/es\/wp-json\/wp\/v2\/tags?post=656"}],"curies":[{"name":"wp","href":"https:\/\/api.w.org\/{rel}","templated":true}]}}