{"id":566,"date":"2011-09-29T11:55:35","date_gmt":"2011-09-29T09:55:35","guid":{"rendered":"http:\/\/cultura.zeus.umh.es\/?p=566"},"modified":"2023-09-12T13:40:26","modified_gmt":"2023-09-12T11:40:26","slug":"bienvenida-2011-2012","status":"publish","type":"post","link":"https:\/\/cultura.umh.es\/es\/2011\/09\/29\/bienvenida-2011-2012\/","title":{"rendered":"Bienvenida 2011-2012"},"content":{"rendered":"<p><a href=\"https:\/\/cultura.umh.es\/files\/2011\/10\/2011-oct-bienvenida2.jpg\"><img loading=\"lazy\" class=\"alignnone size-medium wp-image-568\" src=\"https:\/\/cultura.umh.es\/files\/2011\/10\/2011-oct-bienvenida2-300x283.jpg\" alt=\"\" width=\"240\" height=\"226\" srcset=\"https:\/\/cultura.umh.es\/files\/2011\/10\/2011-oct-bienvenida2-300x283.jpg 300w, https:\/\/cultura.umh.es\/files\/2011\/10\/2011-oct-bienvenida2.jpg 1024w\" sizes=\"(max-width: 240px) 100vw, 240px\" \/> <\/a><a href=\"https:\/\/cultura.umh.es\/files\/2011\/10\/2011-oct-bienvenida1.jpg\"><img loading=\"lazy\" class=\"alignnone size-medium wp-image-567\" src=\"https:\/\/cultura.umh.es\/files\/2011\/10\/2011-oct-bienvenida1-300x283.jpg\" alt=\"\" width=\"240\" height=\"226\" \/><\/a><\/p>\n<p><strong>M\u00e1s informaci\u00f3n:<\/strong><\/p>\n<p><!--more--><strong>Viernes 30 de septiembre, 23:00 h<\/strong>, concert la Gossa Sorda y  Desgavell, en el IES Maci\u00e1 Abela de Crevillent. Ven a recoger tu entrada  gratis en el Secretariado de Extensi\u00f3n Universitaria en el edificio  H\u00e9like. Tenemos 50!!!<\/p>\n<p><strong>Lunes, 3 de octubre, 19:30 horas<\/strong>, inauguraci\u00f3n de la exposici\u00f3n \u00abB\u00e8rnia 2011\u00bb en la Sala polivalente del auditorio municipal Francisco Grau de Bigastro.<\/p>\n<p><strong>Lunes 3 de octubre, 16:00 h<\/strong>, presentaci\u00f3n del Grupo de teatro  \u00abCelda 1009\u00bb de San Juan, bajo la direcci\u00f3n de Ad\u00e1n Rodr\u00edguez, aula 0.3,  Edif. 3 campus de Sant Joan.<\/p>\n<p><strong>Mi\u00e9rcoles 5 de octubre, 16:00 h<\/strong>., presentaci\u00f3n del grupo de  teatro \u00abCelda 1009\u00bb de Elche, bajo la direcci\u00f3n de Ad\u00e1n Rodr\u00edguez,  campus de Elche. Aula por determinar, visitar la web.<\/p>\n<p><strong>Jueves 6 de octubre, 16:00 h<\/strong>., presentaci\u00f3n del grupo de  teatro \u00abCelda 1009\u00bb de Orihuela, bajo la direcci\u00f3n de Ad\u00e1n Rodr\u00edguez,  Edif. Salesas. Aula por determinar, visitar la web.<\/p>\n<p><strong>Viernes 7 de octubre, 12:00 h<\/strong>, solemne acto de apertura del  curso 2001\/2012 y nombramiento  como Doctores Honoris Causa de la Profa.  Dra. Helga Kolb y del Prof. Dr. Richard Normann,  Sal\u00f3n de Actos del  Edificio Rectorado y Consejo Social.<\/p>\n<p><strong>Viernes 7 de octubre<\/strong>, 19:30 h, inauguraci\u00f3n de las exposici\u00f3n  fotogr\u00e1fica \u00abPlan general de Ordenaci\u00f3n Humana. Top\u00f3nimos para una  cartograf\u00eda de lo insignificante\u00bb, de Alejandro Cid,  ECO (Espai  Cultural Obert) hall este del edificio Altabix.<\/p>\n<p><strong>Viernes 7 de octubre, 20:00 h<\/strong>,  inauguraci\u00f3n de la exposici\u00f3n itinerante \u00abMirades\u00bb en el Castillo Fortaleza de Santa Pola.<\/p>\n<p><strong>S\u00e1bado 8 de octubre<\/strong>, visita guiada al palmeral.hist\u00f3rico de  Elche, Patrimonio de la Humanidad por la Unesco, la acequia mayor, los  molinos, el palmeral actual&#8230; inscr\u00edbete gratis enviando un correo  electr\u00f3nico a cultura@umh.es antes del d\u00eda 6 de octubre, plazas  limitadas.<\/p>\n<p><strong>Lunes 10 de octubre, 17:00 h<\/strong>. Presentaci\u00f3n grup \u00abUrb\u00e0\u00bb de  teatre d&#8217;Altea, bajo la direcci\u00f3n de Toni Ferri, sala de danza del edif.  Albir del campus de Altea.<\/p>\n<p><strong>Viernes 14 de octubre, 19:30 h<\/strong>, inauguraci\u00f3n de la exposici\u00f3n  \u00abDes dels or\u00edgens fins&#8230;\u00bb  de Andreu Castillejos, en la Sala de  exposiciones del edificio Rectorado y Consejo Social.<\/p>\n<p><strong>S\u00e1bado 15 de octubre<\/strong>, \u00abConoce el pueblo que te acoge\u00bb, visita  guiada por Sant Joan d&#8217;Alacant, de 10:00 a 13:30 horas. Lugar de  encuentro: puerta del Ayuntamiento de Sant Joan. Los estudiantes tendr\u00e1n  que inscribirse previamente enviando e-mail a cultura@umh.es  indicando  nombre, apellidos, DNI, tel\u00e9fono y titulaci\u00f3n a la que pertenece. En  caso de venir acompa\u00f1ados, los estudiantes lo har\u00e1n constar en su correo  electr\u00f3nico indicando nombre, apellidos, DNI y tel\u00e9fono del  acompa\u00f1ante. \u00daltimo d\u00eda de inscripci\u00f3n 14 de octubre a las 13:00 horas.  Se obsequiar\u00e1 a todos los participantes con un picnic.<\/p>\n<p><strong>S\u00e1bado 15 de octubre<\/strong>, \u00abConoce el pueblo que te acoge\u00bb, visita  guiada por Altea de 10:00 a 13:30 horas. Lugar de encuentro: cafeter\u00eda  de la Facultad de Bellas Artes. Los estudiantes tendr\u00e1n que inscribirse  previamente enviando e-mail a cultura@umh.es indicando nombre,  apellidos, DNI, tel\u00e9fono y titulaci\u00f3n a la que pertenece. En caso de  venir acompa\u00f1ados, los estudiantes lo har\u00e1n constar en su correo  electr\u00f3nico indicando nombre, apellidos, DNI y tel\u00e9fono del acompa\u00f1ante.  \u00daltimo d\u00eda de inscripci\u00f3n 14 de octubre a las 13:00 horas. Se  obsequiar\u00e1 a todos los participantes con un picnic.<\/p>\n<p><strong>Lunes  17,  martes 18,  jueves 20,  viernes 21 octubre<\/strong>, torneo de bienvenida de f\u00fatbol sala, Palau dels esports de la umh.<\/p>\n<p><strong>Martes 18 de octubre, a partir de las 9:00 h<\/strong>, torneo de bienvenida tenis de mesa, en el Palau dels esports de la UMH.<\/p>\n<p><strong>Martes 18 de octubre, a partir de las 8:00h<\/strong>, torneo de bienvenida de p\u00e1del, en las pistas de p\u00e1del de la UMH.<\/p>\n<p><strong>Jueves 20 de octubre, a partir de las 9:00 h<\/strong>, edif. H\u00e9like, torneo de bienvenida de ajedrez.<\/p>\n<p><strong>Jueves 20 de octubre, a partir de las 9:00 h<\/strong>, torneo de bienvenida de baloncesto, en las pistas deportivas de la UMH.<\/p>\n<p><strong>Viernes 21 de octubre, a partir de las 10:00h<\/strong>, torneo de bienvenida de golf, en el campo de golf de la UMH.<\/p>\n<p><strong>Viernes 21 de octubre, 9:30 horas<\/strong>,  Curso de la Oficina  Ambiental \u00abConservaci\u00f3n del Patrimonio Cultural en el Medio Natural II.  Viales Tradicionales\u00bb en el Aula 0.5 de Altabix. M\u00e1s informaci\u00f3n en la  Oficina ambiental, edif. La Galia.<\/p>\n<p><strong>Viernes 21 de octubre<\/strong>, el Cineclub Luis Bu\u00f1uel  (Aula CAM,  calle Kursaal de Elche) nos invita al cine, pases 18:00; 20:15 y 22:30  h. \u00abEl viaje del director de recursos humanos\u00bb de Eran Riklis.  Coproducci\u00f3n.<\/p>\n<p><strong>S\u00e1bado 22 de octubre<\/strong>, \u00abConoce el pueblo que te acoge\u00bb, visita  guiada por Elche de 10:00 a 13:30 h. Lugar de encuentro: Pla\u00e7a de les  Eres de Santa Ll\u00facia (al lado del Parque Municipal). Los estudiantes  tendr\u00e1n que inscribirse previamente enviando e-mail a cultura@umh.es  indicando nombre, apellidos, DNI, tel\u00e9fono y titulaci\u00f3n a la que  pertenece. En caso de venir acompa\u00f1ados, los estudiantes lo har\u00e1n  constar en su correo electr\u00f3nico indicando nombre, apellidos, DNI y  tel\u00e9fono del acompa\u00f1ante. \u00daltimo d\u00eda de inscripci\u00f3n 21 de octubre a las  13:00 horas. Se obsequiar\u00e1 a todos los participantes con un picnic.<\/p>\n<p><strong>Mi\u00e9rcoles 26 de octubre, 12:00 h<\/strong>, presentaci\u00f3n y c\u00e1sting del coro de la UMH, sala de grados Edif. Torreblanca.<\/p>\n<p><strong>Mi\u00e9rcoles 26 de octubre, 13:00 h<\/strong>, entrega de premios y presentaci\u00f3n del VI premio de relato corto Atzavares, sala de grados Edif. Torreblanca.<\/p>\n<p><strong>Mi\u00e9rcoles 26 de octubre, 19:30 horas<\/strong>, Aula Magna del Edif.  Altabix cine mudo al piano en directo, \u00bb Blackmail (La muchacha de  Londres) de Alfred Hitchcock, 1929, a cargo de Ram\u00f3n Sanju\u00e1n, profesor  del Conservatorio profesional de m\u00fasica de Elche.  Primera pel\u00edcula del V  ciclo de cine Antroposcopio: la otra mirada.<\/p>\n<p><strong>Viernes 28 y\/o s\u00e1bado 29 hasta mediod\u00eda<\/strong>,    Voluntariado  Ambiental 2011: Restauraci\u00f3n de un antiguo camino y reforestaci\u00f3n con  especies aut\u00f3ctonas en la Sierra del Maigm\u00f3.  M\u00e1s informaci\u00f3n en la  Oficina Ambiental, edif. La Galia.<\/p>\n<p><strong>S\u00e1bado 29 de octubre<\/strong>, \u00abConoce el pueblo que te acoge\u00bb, visita  guiada por Orihuela de 10:00 a 13:30 h. Lugar de encuentro: puerta de la  UMH, plaza de Salesas de Orihuela. Los estudiantes tendr\u00e1n que  inscribirse previamente enviando e-mail a cultura@umh.es indicando  nombre, apellidos, DNI, tel\u00e9fono y titulaci\u00f3n a la que pertenece. En  caso de venir acompa\u00f1ados, los estudiantes lo har\u00e1n constar en su correo  electr\u00f3nico indicando nombre, apellidos, DNI y tel\u00e9fono del  acompa\u00f1ante. \u00daltimo d\u00eda de inscripci\u00f3n 28 de octubre a las 13:00 horas.  Se obsequiar\u00e1 a todos los participantes con un picnic.<\/p>\n<p><strong>Adem\u00e1s:<\/strong><\/p>\n<p><strong>Bolsa de coche compartido<\/strong>: http:\/\/www.umhsostenible.com\/coche-compartido<\/p>\n<p><strong>Busco piso<\/strong>: http:\/\/ve.umh.es\/nido<\/p>\n<p><strong>Huerto ecol\u00f3gico<\/strong>: oficina.ambiental@umh.es<\/p>\n<p><strong>Voluntariado ambiental<\/strong>: http:\/\/www.umhsostenible.com\/voluntariado<\/p>\n<p><strong>Kit de Mantenimiento de Bicicletas<\/strong>: http:\/\/www.umhsostenible.com\/bicicleta<\/p>\n<p><strong>Huerto Urbano Ecol\u00f3gico:<\/strong> http:\/\/www.umhsostenible.com\/huerto-ecologico-umh<\/p>\n<p><strong>ENTRADA LIBRE A TODAS LAS ACTIVIDADES<\/strong><\/p>\n<p>Ser\u00e1 necesaria la inscripci\u00f3n previa en las actividades indicadas<\/p>\n<p>Inscripci\u00f3n para los torneos de bienvenida antes del 14 de octubre deportes@umh.es<\/p>\n<p><strong>M\u00e1s informaci\u00f3n:<\/strong><\/p>\n<p>Tels. 966 658 830 \/ 966 658 829<\/p>","protected":false},"excerpt":{"rendered":"<p>\nM\u00e1s informaci\u00f3n:<br \/>\nViernes 30 de septiembre, 23:00 h, concert la Gossa Sorda y  Desgavell, en el IES Maci\u00e1 Abela de Crevillent. Ven a recoger tu entrada  gratis en el Secretariado de Extensi\u00f3n Universitaria en el edificio  H\u00e9like. Tenemos 50!!!<br \/>\nLunes, 3 de octubre, 19:30 horas, inauguraci\u00f3n de la exposici\u00f3n \u00abB\u00e8rnia 2011\u00bb en la [&#8230;]<\/p>\n","protected":false},"author":1,"featured_media":0,"comment_status":"closed","ping_status":"closed","sticky":false,"template":"","format":"standard","meta":{"ngg_post_thumbnail":0,"_links_to":"","_links_to_target":""},"categories":[4],"tags":[8494,363918],"_links":{"self":[{"href":"https:\/\/cultura.umh.es\/es\/wp-json\/wp\/v2\/posts\/566"}],"collection":[{"href":"https:\/\/cultura.umh.es\/es\/wp-json\/wp\/v2\/posts"}],"about":[{"href":"https:\/\/cultura.umh.es\/es\/wp-json\/wp\/v2\/types\/post"}],"author":[{"embeddable":true,"href":"https:\/\/cultura.umh.es\/es\/wp-json\/wp\/v2\/users\/1"}],"replies":[{"embeddable":true,"href":"https:\/\/cultura.umh.es\/es\/wp-json\/wp\/v2\/comments?post=566"}],"version-history":[{"count":0,"href":"https:\/\/cultura.umh.es\/es\/wp-json\/wp\/v2\/posts\/566\/revisions"}],"wp:attachment":[{"href":"https:\/\/cultura.umh.es\/es\/wp-json\/wp\/v2\/media?parent=566"}],"wp:term":[{"taxonomy":"category","embeddable":true,"href":"https:\/\/cultura.umh.es\/es\/wp-json\/wp\/v2\/categories?post=566"},{"taxonomy":"post_tag","embeddable":true,"href":"https:\/\/cultura.umh.es\/es\/wp-json\/wp\/v2\/tags?post=566"}],"curies":[{"name":"wp","href":"https:\/\/api.w.org\/{rel}","templated":true}]}}