{"id":5636,"date":"2017-10-03T08:53:07","date_gmt":"2017-10-03T06:53:07","guid":{"rendered":"http:\/\/cultura.umh.es\/?p=5636"},"modified":"2023-09-07T11:58:39","modified_gmt":"2023-09-07T09:58:39","slug":"a-revolucionari-love","status":"publish","type":"post","link":"https:\/\/cultura.umh.es\/es\/2017\/10\/03\/a-revolucionari-love\/","title":{"rendered":"A revolutionary love"},"content":{"rendered":"<p><\/p>\n<h3><a href=\"https:\/\/cultura.umh.es\/files\/2016\/12\/Cartel_web.jpg\"><img loading=\"lazy\" width=\"350\" height=\"495\" class=\"alignleft  wp-image-5627\" alt=\"A revolutionari love\" src=\"https:\/\/cultura.umh.es\/files\/2016\/12\/Cartel_web.jpg\" srcset=\"https:\/\/cultura.umh.es\/files\/2016\/12\/Cartel_web.jpg 900w, https:\/\/cultura.umh.es\/files\/2016\/12\/Cartel_web-212x300.jpg 212w, https:\/\/cultura.umh.es\/files\/2016\/12\/Cartel_web-768x1086.jpg 768w, https:\/\/cultura.umh.es\/files\/2016\/12\/Cartel_web-724x1024.jpg 724w\" sizes=\"(max-width: 350px) 100vw, 350px\" \/><\/a>A Revolutionary Love\/Un amor revolucionari<\/h3>\n<p>Alex Franc\u00e9s, Johan Grimonprez, Alexa Karolinski\/Ingo Niermann, Maha Maamoun, Mar\u00eda Ruido y Francesc Ruiz<\/p>\n<p>Una exposici\u00f3n comisariada por Johanna Caplliure<\/p>\n<p>5 OCT- 16 DIC de 2017<\/p>\n<p>Sala Universitas \/\/ Ed. Rectorado y Consejo Social<\/p>\n<p>Universidad Miguel Hern\u00e1ndez de Elche<\/p>\n<p>Horario: 11:00 \u2013 14:00 h (consultar en conserjer\u00eda para visitas fuera de horario)<\/p>\n<p>Un proyecto producido por la UMH (Universitas Miguel Hernandez) y auspiciado en el marco de un convenio de colaboraci\u00f3n con la Generalitat Valenciana, a trav\u00e9s de la Vicepresidencia y Conselleria de Igualdad y Pol\u00edticas Inclusivas, para el fomento de actividades en materia de igualdad en la diversidad (ejercicio 2017)<\/p>\n<p><a href=\"https:\/\/cultura.umh.es\/files\/2016\/12\/Cartel_web.jpg\"><\/a><\/p>","protected":false},"excerpt":{"rendered":"<p>A Revolutionary Love\/Un amor revolucionari<br \/>\nAlex Franc\u00e9s, Johan Grimonprez, Alexa Karolinski\/Ingo Niermann, Maha Maamoun, Mar\u00eda Ruido y Francesc Ruiz<br \/>\nUna exposici\u00f3n comisariada por Johanna Caplliure<br \/>\n5 OCT- 16 DIC de 2017<br \/>\nSala Universitas \/\/ Ed. Rectorado y Consejo Social<br \/>\nUniversidad Miguel Hern\u00e1ndez de Elche<br \/>\nHorario: 11:00 \u2013 14:00 h (consultar en conserjer\u00eda para visitas fuera de horario)<br \/>\nUn proyecto producido por la [&#8230;]<\/p>\n","protected":false},"author":3564,"featured_media":5618,"comment_status":"closed","ping_status":"closed","sticky":false,"template":"","format":"standard","meta":{"ngg_post_thumbnail":0,"_links_to":"","_links_to_target":""},"categories":[55516],"tags":[55556],"_links":{"self":[{"href":"https:\/\/cultura.umh.es\/es\/wp-json\/wp\/v2\/posts\/5636"}],"collection":[{"href":"https:\/\/cultura.umh.es\/es\/wp-json\/wp\/v2\/posts"}],"about":[{"href":"https:\/\/cultura.umh.es\/es\/wp-json\/wp\/v2\/types\/post"}],"author":[{"embeddable":true,"href":"https:\/\/cultura.umh.es\/es\/wp-json\/wp\/v2\/users\/3564"}],"replies":[{"embeddable":true,"href":"https:\/\/cultura.umh.es\/es\/wp-json\/wp\/v2\/comments?post=5636"}],"version-history":[{"count":0,"href":"https:\/\/cultura.umh.es\/es\/wp-json\/wp\/v2\/posts\/5636\/revisions"}],"wp:featuredmedia":[{"embeddable":true,"href":"https:\/\/cultura.umh.es\/es\/wp-json\/wp\/v2\/media\/5618"}],"wp:attachment":[{"href":"https:\/\/cultura.umh.es\/es\/wp-json\/wp\/v2\/media?parent=5636"}],"wp:term":[{"taxonomy":"category","embeddable":true,"href":"https:\/\/cultura.umh.es\/es\/wp-json\/wp\/v2\/categories?post=5636"},{"taxonomy":"post_tag","embeddable":true,"href":"https:\/\/cultura.umh.es\/es\/wp-json\/wp\/v2\/tags?post=5636"}],"curies":[{"name":"wp","href":"https:\/\/api.w.org\/{rel}","templated":true}]}}