{"id":53,"date":"2007-12-10T12:00:01","date_gmt":"2007-12-10T11:00:01","guid":{"rendered":"http:\/\/cultura.zeus.umh.es\/?p=53"},"modified":"2024-10-04T09:11:32","modified_gmt":"2024-10-04T07:11:32","slug":"exposicio-miguel-hernandez-poeta","status":"publish","type":"post","link":"https:\/\/cultura.umh.es\/es\/2007\/12\/10\/exposicio-miguel-hernandez-poeta\/","title":{"rendered":"Exposici\u00f3n Miguel Hern\u00e1ndez, poeta &#8211; Muestra de poes\u00eda visual"},"content":{"rendered":"<p><strong><a href=\"https:\/\/cultura.umh.es\/files\/2010\/11\/2007-dic-mhmuestrapoesia1.jpg\"><img loading=\"lazy\" class=\"alignnone size-medium wp-image-387\" src=\"https:\/\/cultura.umh.es\/files\/2010\/11\/2007-dic-mhmuestrapoesia1-211x300.jpg\" alt=\"\" width=\"169\" height=\"240\" srcset=\"https:\/\/cultura.umh.es\/files\/2010\/11\/2007-dic-mhmuestrapoesia1-211x300.jpg 211w, https:\/\/cultura.umh.es\/files\/2010\/11\/2007-dic-mhmuestrapoesia1-723x1024.jpg 723w, https:\/\/cultura.umh.es\/files\/2010\/11\/2007-dic-mhmuestrapoesia1.jpg 1122w\" sizes=\"(max-width: 169px) 100vw, 169px\" \/><\/a><\/strong><\/p>\n<p><strong>Inauguraci\u00f3n: <\/strong>12 de&nbsp;diciembre de 2007 a las 13:00 horas<\/p>\n<p><strong>Exposici\u00f3n<\/strong>: Diciembre 2007 &#8211; Enero 2008<\/p>\n<p><strong>Lugar: <\/strong>Sala de Exposiciones del edif. Rectorado y Consejo Social. Campus Elche<\/p>\n<p>&nbsp;<\/p>","protected":false},"excerpt":{"rendered":"<p>Inauguraci\u00f3n: 12 de&nbsp;diciembre de 2007 a las 13:00 horas<br \/>\nExposici\u00f3n: Diciembre 2007 &#8211; Enero 2008<br \/>\nLugar: Sala de Exposiciones del edif. Rectorado y Consejo Social. Campus Elche<br \/>\n&nbsp;<\/p>\n","protected":false},"author":1,"featured_media":0,"comment_status":"closed","ping_status":"closed","sticky":false,"template":"","format":"standard","meta":{"ngg_post_thumbnail":0,"_links_to":"","_links_to_target":""},"categories":[55516],"tags":[55556],"_links":{"self":[{"href":"https:\/\/cultura.umh.es\/es\/wp-json\/wp\/v2\/posts\/53"}],"collection":[{"href":"https:\/\/cultura.umh.es\/es\/wp-json\/wp\/v2\/posts"}],"about":[{"href":"https:\/\/cultura.umh.es\/es\/wp-json\/wp\/v2\/types\/post"}],"author":[{"embeddable":true,"href":"https:\/\/cultura.umh.es\/es\/wp-json\/wp\/v2\/users\/1"}],"replies":[{"embeddable":true,"href":"https:\/\/cultura.umh.es\/es\/wp-json\/wp\/v2\/comments?post=53"}],"version-history":[{"count":0,"href":"https:\/\/cultura.umh.es\/es\/wp-json\/wp\/v2\/posts\/53\/revisions"}],"wp:attachment":[{"href":"https:\/\/cultura.umh.es\/es\/wp-json\/wp\/v2\/media?parent=53"}],"wp:term":[{"taxonomy":"category","embeddable":true,"href":"https:\/\/cultura.umh.es\/es\/wp-json\/wp\/v2\/categories?post=53"},{"taxonomy":"post_tag","embeddable":true,"href":"https:\/\/cultura.umh.es\/es\/wp-json\/wp\/v2\/tags?post=53"}],"curies":[{"name":"wp","href":"https:\/\/api.w.org\/{rel}","templated":true}]}}