{"id":5093,"date":"2017-03-29T10:14:18","date_gmt":"2017-03-29T08:14:18","guid":{"rendered":"http:\/\/cultura.umh.es\/?p=5093"},"modified":"2023-09-07T13:05:38","modified_gmt":"2023-09-07T11:05:38","slug":"vi-club","status":"publish","type":"post","link":"https:\/\/cultura.umh.es\/es\/2017\/03\/29\/vi-club\/","title":{"rendered":"Vino Club"},"content":{"rendered":"<p><a href=\"https:\/\/cultura.umh.es\/files\/2016\/01\/Vino_Club-UMH2017.jpg\"><img loading=\"lazy\" class=\"alignleft wp-image-4341\" src=\"https:\/\/cultura.umh.es\/files\/2016\/01\/Vino_Club-UMH2017.jpg\" alt=\"Vino_Club UMH\" width=\"280\" height=\"394\" srcset=\"https:\/\/cultura.umh.es\/files\/2016\/01\/Vino_Club-UMH2017.jpg 1240w, https:\/\/cultura.umh.es\/files\/2016\/01\/Vino_Club-UMH2017-213x300.jpg 213w, https:\/\/cultura.umh.es\/files\/2016\/01\/Vino_Club-UMH2017-768x1080.jpg 768w, https:\/\/cultura.umh.es\/files\/2016\/01\/Vino_Club-UMH2017-728x1024.jpg 728w\" sizes=\"(max-width: 280px) 100vw, 280px\" \/><\/a><span style=\"text-decoration: underline\">Lugar<\/span>: Las presentaciones de bodegas y los catas se har\u00e1n en el Restaurante Rinc\u00f3n d&#8217;Anna (partida Maitino d&#8217;Elx).<\/p>\n<p>Despu\u00e9s del cata el restaurante podr\u00e1 ofrecer un men\u00fa para quien quiera cenar.<\/p>\n<p><span style=\"text-decoration: underline\">Pr\u00f3xima cata:<\/span> 30 de Marzo de 2017.<\/p>\n<p><span style=\"text-decoration: underline\">Horario:<\/span> de 19:30h a 21h.<\/p>","protected":false},"excerpt":{"rendered":"<p>Lugar: Las presentaciones de bodegas y los catas se har\u00e1n en el Restaurante Rinc\u00f3n d&#8217;Anna (partida Maitino d&#8217;Elx).<br \/>\nDespu\u00e9s del cata el restaurante podr\u00e1 ofrecer un men\u00fa para quien quiera cenar.<br \/>\nPr\u00f3xima cata: 30 de Marzo de 2017.<br \/>\nHorario: de 19:30h a 21h.<\/p>\n","protected":false},"author":3564,"featured_media":4839,"comment_status":"closed","ping_status":"closed","sticky":false,"template":"","format":"standard","meta":{"ngg_post_thumbnail":0,"_links_to":"","_links_to_target":""},"categories":[721],"tags":[364002],"_links":{"self":[{"href":"https:\/\/cultura.umh.es\/es\/wp-json\/wp\/v2\/posts\/5093"}],"collection":[{"href":"https:\/\/cultura.umh.es\/es\/wp-json\/wp\/v2\/posts"}],"about":[{"href":"https:\/\/cultura.umh.es\/es\/wp-json\/wp\/v2\/types\/post"}],"author":[{"embeddable":true,"href":"https:\/\/cultura.umh.es\/es\/wp-json\/wp\/v2\/users\/3564"}],"replies":[{"embeddable":true,"href":"https:\/\/cultura.umh.es\/es\/wp-json\/wp\/v2\/comments?post=5093"}],"version-history":[{"count":0,"href":"https:\/\/cultura.umh.es\/es\/wp-json\/wp\/v2\/posts\/5093\/revisions"}],"wp:featuredmedia":[{"embeddable":true,"href":"https:\/\/cultura.umh.es\/es\/wp-json\/wp\/v2\/media\/4839"}],"wp:attachment":[{"href":"https:\/\/cultura.umh.es\/es\/wp-json\/wp\/v2\/media?parent=5093"}],"wp:term":[{"taxonomy":"category","embeddable":true,"href":"https:\/\/cultura.umh.es\/es\/wp-json\/wp\/v2\/categories?post=5093"},{"taxonomy":"post_tag","embeddable":true,"href":"https:\/\/cultura.umh.es\/es\/wp-json\/wp\/v2\/tags?post=5093"}],"curies":[{"name":"wp","href":"https:\/\/api.w.org\/{rel}","templated":true}]}}