{"id":495,"date":"2011-04-14T09:31:31","date_gmt":"2011-04-14T07:31:31","guid":{"rendered":"http:\/\/cultura.zeus.umh.es\/?p=495"},"modified":"2023-09-21T12:55:26","modified_gmt":"2023-09-21T10:55:26","slug":"fallo-del-ix-premio-de-pintura-factor-energia-umh","status":"publish","type":"post","link":"https:\/\/cultura.umh.es\/es\/2011\/04\/14\/fallo-del-ix-premio-de-pintura-factor-energia-umh\/","title":{"rendered":"Fallada de l&#8217;IX premi de pintura Factor Energ\u00eda-UMH"},"content":{"rendered":"<p><\/p>\n<p class=\"MsoNormal\" style=\"text-align: justify;margin: 0cm 0cm 0pt\"><strong><span style=\"font-family: Arial;font-size: 10pt\">EL JURAT DE L&#8217;IX CONCURS DE PINTURA FACTOR ENERGIA &#8211; UNIVERSITAT MIGUEL HERN\u00c1NDEZ D&#8217;ELX, REUNIT AMB DATA 13 D&#8217;ABRIL, HA FALLAT EL CERTAMEN DESPR\u00c9S DE L&#8217;ESTUDI DE LES 61 OBRES PRESENTADES Al CERTAMEN.<\/span><\/strong><strong><\/strong><\/p>\n<p class=\"MsoNormal\" style=\"text-align: justify;margin: 0cm 0cm 0pt\"><span style=\"font-family: Arial;font-size: 10pt\">\u00a0<\/span><\/p>\n<p class=\"MsoNormal\" style=\"text-align: justify;margin: 0cm 0cm 0pt\"><span style=\"font-family: Arial;font-size: 10pt\">El Jurat, compost per <\/span><span style=\"font-family: Arial;font-size: 10pt\">Sr. Jes\u00fas Rodr\u00edguez Mar\u00edn, Excm. i Magfco. Rector de la UMH, els vocals Sr. \u00d3scar Vega, representant de Factor Energia, Sr. F\u00e9lix Guti\u00e9rrez, Professor de Pintura de la UMH, Sr. Inocencio Galindo Mateo, Professor de Pintura de la Universitat Polit\u00e8cnica de Val\u00e8ncia, Sra. Tatiana Sentamans, Vicedegana de la Facultat de Belles arts, Sra. Silvia Viana, artista pl\u00e0stic, i actuant com a Secretari Sr. Josep P\u00e9rez i Tom\u00e0s, Vicerector Adjunt per a la Direcci\u00f3 del Secretariat d&#8217;Extensi\u00f3 Universit\u00e0ria de la UMH, ha fallat l&#8217;IX Certamen Factorenerg\u00eda \u2013 UMH sent el guanyador Sr. Alberto Marquez Ruiz,<span>\u00a0 <\/span>amb la seua obra \u201cNoves esp\u00e8cies: l&#8217;emboscada\u201d premie dotat amb 6.000 Euros. L&#8217;acc\u00e8ssit, dotat amb 2.500 Euros, ha recaigut en Sr. Jos\u00e9 Bo\u00f1ano Marquez amb la seua obra \u201cWhite\u201d.<\/span><\/p>\n<p class=\"MsoNormal\" style=\"text-align: justify;margin: 0cm 0cm 0pt\"><span style=\"font-family: Arial;font-size: 10pt\">\u00a0<\/span><\/p>\n<p class=\"MsoNormal\" style=\"text-align: justify;margin: 0cm 0cm 0pt\"><span style=\"font-family: Arial;font-size: 10pt\">Les 19 obres seleccionades per a exposici\u00f3 i cat\u00e0leg han sigut les seg\u00fcents:<\/span><\/p>\n<p class=\"MsoNormal\" style=\"text-align: justify;margin: 0cm 0cm 0pt\"><span style=\"font-family: Arial;font-size: 10pt\">\u00a0<\/span><\/p>\n<table class=\"MsoTableGrid\" border=\"1\" cellspacing=\"0\" cellpadding=\"0\">\n<tbody>\n<tr>\n<td style=\"padding-bottom: 0cm;padding-left: 5.4pt;width: 203.4pt;padding-right: 5.4pt;padding-top: 0cm;border: windowtext 1pt solid\" width=\"271\" valign=\"top\">\n<p class=\"MsoNormal\" style=\"text-align: justify;margin: 0cm 0cm 0pt\"><span style=\"font-family: Arial;font-size: 10pt\">AUTOR\/A<\/span><\/p>\n<\/td>\n<td style=\"padding-bottom: 0cm;padding-left: 5.4pt;width: 187.4pt;padding-right: 5.4pt;padding-top: 0cm\" width=\"250\" valign=\"top\">\n<p class=\"MsoNormal\" style=\"text-align: justify;margin: 0cm 0cm 0pt\"><span style=\"font-family: Arial;font-size: 10pt\">T\u00cdTOL<\/span><\/p>\n<\/td>\n<\/tr>\n<tr>\n<td style=\"padding-bottom: 0cm;padding-left: 5.4pt;width: 203.4pt;padding-right: 5.4pt;padding-top: 0cm\" width=\"271\" valign=\"top\">\n<p class=\"MsoNormal\" style=\"text-align: justify;margin: 0cm 0cm 0pt\"><span style=\"font-family: Arial;font-size: 10pt\">Enrique Rodriguez Garcia (Guzpe\u00f1a)<\/span><\/p>\n<\/td>\n<td style=\"padding-bottom: 0cm;padding-left: 5.4pt;width: 187.4pt;padding-right: 5.4pt;padding-top: 0cm\" width=\"250\" valign=\"top\">\n<p class=\"MsoNormal\" style=\"text-align: justify;margin: 0cm 0cm 0pt\"><span style=\"font-family: Arial;font-size: 10pt\">Brollador de m\u00fasica<\/span><\/p>\n<\/td>\n<\/tr>\n<tr>\n<td style=\"padding-bottom: 0cm;padding-left: 5.4pt;width: 203.4pt;padding-right: 5.4pt;padding-top: 0cm\" width=\"271\" valign=\"top\">\n<p class=\"MsoNormal\" style=\"text-align: justify;margin: 0cm 0cm 0pt\"><span style=\"font-family: Arial;font-size: 10pt\">Francisco Diaz Tripiana<\/span><\/p>\n<\/td>\n<td style=\"padding-bottom: 0cm;padding-left: 5.4pt;width: 187.4pt;padding-right: 5.4pt;padding-top: 0cm\" width=\"250\" valign=\"top\">\n<p class=\"MsoNormal\" style=\"text-align: justify;margin: 0cm 0cm 0pt\"><span style=\"font-family: Arial;font-size: 10pt\">El forrellat<\/span><\/p>\n<\/td>\n<\/tr>\n<tr>\n<td style=\"padding-bottom: 0cm;padding-left: 5.4pt;width: 203.4pt;padding-right: 5.4pt;padding-top: 0cm\" width=\"271\" valign=\"top\">\n<p class=\"MsoNormal\" style=\"text-align: justify;margin: 0cm 0cm 0pt\"><span style=\"font-family: Arial;font-size: 10pt\">Cristina Bernador Mar\u00ed<\/span><\/p>\n<\/td>\n<td style=\"padding-bottom: 0cm;padding-left: 5.4pt;width: 187.4pt;padding-right: 5.4pt;padding-top: 0cm\" width=\"250\" valign=\"top\">\n<p class=\"MsoNormal\" style=\"text-align: justify;margin: 0cm 0cm 0pt\"><span style=\"font-family: Arial;font-size: 10pt\">La naturalesa de les ombres<\/span><\/p>\n<\/td>\n<\/tr>\n<tr>\n<td style=\"padding-bottom: 0cm;padding-left: 5.4pt;width: 203.4pt;padding-right: 5.4pt;padding-top: 0cm\" width=\"271\" valign=\"top\">\n<p class=\"MsoNormal\" style=\"text-align: justify;margin: 0cm 0cm 0pt\"><span style=\"font-family: Arial;font-size: 10pt\">Gabriel Tom\u00e1s Carrascosa<\/span><\/p>\n<\/td>\n<td style=\"padding-bottom: 0cm;padding-left: 5.4pt;width: 187.4pt;padding-right: 5.4pt;padding-top: 0cm\" width=\"250\" valign=\"top\">\n<p class=\"MsoNormal\" style=\"text-align: justify;margin: 0cm 0cm 0pt\"><span style=\"font-family: Arial;font-size: 10pt\">Asf\u00edxia<\/span><\/p>\n<\/td>\n<\/tr>\n<tr>\n<td style=\"padding-bottom: 0cm;padding-left: 5.4pt;width: 203.4pt;padding-right: 5.4pt;padding-top: 0cm\" width=\"271\" valign=\"top\">\n<p class=\"MsoNormal\" style=\"text-align: justify;margin: 0cm 0cm 0pt\"><span style=\"font-family: Arial;font-size: 10pt\">\u00c1ngel Hernandez Rodriguez<\/span><\/p>\n<\/td>\n<td style=\"padding-bottom: 0cm;padding-left: 5.4pt;width: 187.4pt;padding-right: 5.4pt;padding-top: 0cm\" width=\"250\" valign=\"top\">\n<p class=\"MsoNormal\" style=\"text-align: justify;margin: 0cm 0cm 0pt\"><span style=\"font-family: Arial;font-size: 10pt\">Blau<\/span><\/p>\n<\/td>\n<\/tr>\n<tr>\n<td style=\"padding-bottom: 0cm;padding-left: 5.4pt;width: 203.4pt;padding-right: 5.4pt;padding-top: 0cm\" width=\"271\" valign=\"top\">\n<p class=\"MsoNormal\" style=\"text-align: justify;margin: 0cm 0cm 0pt\"><span style=\"font-family: Arial;font-size: 10pt\">Remberto Martinez Guardiola<\/span><\/p>\n<\/td>\n<td style=\"padding-bottom: 0cm;padding-left: 5.4pt;width: 187.4pt;padding-right: 5.4pt;padding-top: 0cm\" width=\"250\" valign=\"top\">\n<p class=\"MsoNormal\" style=\"text-align: justify;margin: 0cm 0cm 0pt\"><span style=\"font-family: Arial;font-size: 10pt\">Bicing<\/span><\/p>\n<\/td>\n<\/tr>\n<tr>\n<td style=\"padding-bottom: 0cm;padding-left: 5.4pt;width: 203.4pt;padding-right: 5.4pt;padding-top: 0cm\" width=\"271\" valign=\"top\">\n<p class=\"MsoNormal\" style=\"text-align: justify;margin: 0cm 0cm 0pt\"><span style=\"font-family: Arial;font-size: 10pt\">Fernando Jimenez Fernandez<\/span><\/p>\n<\/td>\n<td style=\"padding-bottom: 0cm;padding-left: 5.4pt;width: 187.4pt;padding-right: 5.4pt;padding-top: 0cm\" width=\"250\" valign=\"top\">\n<p class=\"MsoNormal\" style=\"text-align: justify;margin: 0cm 0cm 0pt\"><span style=\"font-family: Arial;font-size: 10pt\">Restes<\/span><\/p>\n<\/td>\n<\/tr>\n<tr>\n<td style=\"padding-bottom: 0cm;padding-left: 5.4pt;width: 203.4pt;padding-right: 5.4pt;padding-top: 0cm\" width=\"271\" valign=\"top\">\n<p class=\"MsoNormal\" style=\"text-align: justify;margin: 0cm 0cm 0pt\"><span style=\"font-family: Arial;font-size: 10pt\">Daniel Carrion Berenguer<\/span><\/p>\n<\/td>\n<td style=\"padding-bottom: 0cm;padding-left: 5.4pt;width: 187.4pt;padding-right: 5.4pt;padding-top: 0cm\" width=\"250\" valign=\"top\">\n<p class=\"MsoNormal\" style=\"text-align: justify;margin: 0cm 0cm 0pt\"><span style=\"font-family: Arial;font-size: 10pt\">PU710<\/span><\/p>\n<\/td>\n<\/tr>\n<tr>\n<td style=\"padding-bottom: 0cm;padding-left: 5.4pt;width: 203.4pt;padding-right: 5.4pt;padding-top: 0cm\" width=\"271\" valign=\"top\">\n<p class=\"MsoNormal\" style=\"text-align: justify;margin: 0cm 0cm 0pt\"><span style=\"font-family: Arial;font-size: 10pt\">Juan Palomares Perez<\/span><\/p>\n<\/td>\n<td style=\"padding-bottom: 0cm;padding-left: 5.4pt;width: 187.4pt;padding-right: 5.4pt;padding-top: 0cm\" width=\"250\" valign=\"top\">\n<p class=\"MsoNormal\" style=\"text-align: justify;margin: 0cm 0cm 0pt\"><span style=\"font-family: Arial;font-size: 10pt\">Hepat\u00f6r\u00f6<\/span><\/p>\n<\/td>\n<\/tr>\n<tr>\n<td style=\"padding-bottom: 0cm;padding-left: 5.4pt;width: 203.4pt;padding-right: 5.4pt;padding-top: 0cm\" width=\"271\" valign=\"top\">\n<p class=\"MsoNormal\" style=\"text-align: justify;margin: 0cm 0cm 0pt\"><span style=\"font-family: Arial;font-size: 10pt\">Josefa Satue Ripoll<\/span><\/p>\n<\/td>\n<td style=\"padding-bottom: 0cm;padding-left: 5.4pt;width: 187.4pt;padding-right: 5.4pt;padding-top: 0cm\" width=\"250\" valign=\"top\">\n<p class=\"MsoNormal\" style=\"text-align: justify;margin: 0cm 0cm 0pt\"><span style=\"font-family: Arial;font-size: 10pt\">Geometria engabiada<\/span><\/p>\n<\/td>\n<\/tr>\n<tr>\n<td style=\"padding-bottom: 0cm;padding-left: 5.4pt;width: 203.4pt;padding-right: 5.4pt;padding-top: 0cm\" width=\"271\" valign=\"top\">\n<p class=\"MsoNormal\" style=\"text-align: justify;margin: 0cm 0cm 0pt\"><span style=\"font-family: Arial;font-size: 10pt\">Antonio Agullo Garcia<\/span><\/p>\n<\/td>\n<td style=\"padding-bottom: 0cm;padding-left: 5.4pt;width: 187.4pt;padding-right: 5.4pt;padding-top: 0cm\" width=\"250\" valign=\"top\">\n<p class=\"MsoNormal\" style=\"text-align: justify;margin: 0cm 0cm 0pt\"><span style=\"font-family: Arial;font-size: 10pt\">Imatge robada<\/span><\/p>\n<\/td>\n<\/tr>\n<tr>\n<td style=\"padding-bottom: 0cm;padding-left: 5.4pt;width: 203.4pt;padding-right: 5.4pt;padding-top: 0cm\" width=\"271\" valign=\"top\">\n<p class=\"MsoNormal\" style=\"text-align: justify;margin: 0cm 0cm 0pt\"><span style=\"font-family: Arial;font-size: 10pt\">Felipe Fuentes Alferez<\/span><\/p>\n<\/td>\n<td style=\"padding-bottom: 0cm;padding-left: 5.4pt;width: 187.4pt;padding-right: 5.4pt;padding-top: 0cm\" width=\"250\" valign=\"top\">\n<p class=\"MsoNormal\" style=\"text-align: justify;margin: 0cm 0cm 0pt\"><span style=\"font-family: Arial;font-size: 10pt\">Awaiting the summer<\/span><\/p>\n<\/td>\n<\/tr>\n<tr>\n<td style=\"padding-bottom: 0cm;padding-left: 5.4pt;width: 203.4pt;padding-right: 5.4pt;padding-top: 0cm\" width=\"271\" valign=\"top\">\n<p class=\"MsoNormal\" style=\"text-align: justify;margin: 0cm 0cm 0pt\"><span style=\"font-family: Arial;font-size: 10pt\">Keke Vilabelda Montalt<\/span><\/p>\n<\/td>\n<td style=\"padding-bottom: 0cm;padding-left: 5.4pt;width: 187.4pt;padding-right: 5.4pt;padding-top: 0cm\" width=\"250\" valign=\"top\">\n<p class=\"MsoNormal\" style=\"text-align: justify;margin: 0cm 0cm 0pt\"><span style=\"font-family: Arial;font-size: 10pt\">London ramat day<\/span><\/p>\n<\/td>\n<\/tr>\n<tr>\n<td style=\"padding-bottom: 0cm;padding-left: 5.4pt;width: 203.4pt;padding-right: 5.4pt;padding-top: 0cm\" width=\"271\" valign=\"top\">\n<p class=\"MsoNormal\" style=\"text-align: justify;margin: 0cm 0cm 0pt\"><span style=\"font-family: Arial;font-size: 10pt\">Francisco Ayelo Ruiz<\/span><\/p>\n<\/td>\n<td style=\"padding-bottom: 0cm;padding-left: 5.4pt;width: 187.4pt;padding-right: 5.4pt;padding-top: 0cm\" width=\"250\" valign=\"top\">\n<p class=\"MsoNormal\" style=\"text-align: justify;margin: 0cm 0cm 0pt\"><span style=\"font-family: Arial;font-size: 10pt\">Soledad<\/span><\/p>\n<\/td>\n<\/tr>\n<tr>\n<td style=\"padding-bottom: 0cm;padding-left: 5.4pt;width: 203.4pt;padding-right: 5.4pt;padding-top: 0cm\" width=\"271\" valign=\"top\">\n<p class=\"MsoNormal\" style=\"text-align: justify;margin: 0cm 0cm 0pt\"><span style=\"font-family: Arial;font-size: 10pt\">Virg\u00ednia Sanchez Pi\u00f1eros<\/span><\/p>\n<\/td>\n<td style=\"padding-bottom: 0cm;padding-left: 5.4pt;width: 187.4pt;padding-right: 5.4pt;padding-top: 0cm\" width=\"250\" valign=\"top\">\n<p class=\"MsoNormal\" style=\"text-align: justify;margin: 0cm 0cm 0pt\"><span style=\"font-family: Arial;font-size: 10pt\">s\/t<\/span><\/p>\n<\/td>\n<\/tr>\n<tr>\n<td style=\"padding-bottom: 0cm;padding-left: 5.4pt;width: 203.4pt;padding-right: 5.4pt;padding-top: 0cm\" width=\"271\" valign=\"top\">\n<p class=\"MsoNormal\" style=\"text-align: justify;margin: 0cm 0cm 0pt\"><span style=\"font-family: Arial;font-size: 10pt\">Antonio Barea Lopez<\/span><\/p>\n<\/td>\n<td style=\"padding-bottom: 0cm;padding-left: 5.4pt;width: 187.4pt;padding-right: 5.4pt;padding-top: 0cm\" width=\"250\" valign=\"top\">\n<p class=\"MsoNormal\" style=\"text-align: justify;margin: 0cm 0cm 0pt\"><span style=\"font-family: Arial;font-size: 10pt\">El vent que em porta a la llum\u2026<\/span><\/p>\n<\/td>\n<\/tr>\n<tr>\n<td style=\"padding-bottom: 0cm;padding-left: 5.4pt;width: 203.4pt;padding-right: 5.4pt;padding-top: 0cm\" width=\"271\" valign=\"top\">\n<p class=\"MsoNormal\" style=\"text-align: justify;margin: 0cm 0cm 0pt\"><span style=\"font-family: Arial;font-size: 10pt\">Maria Zambrana Aliaga<\/span><\/p>\n<\/td>\n<td style=\"padding-bottom: 0cm;padding-left: 5.4pt;width: 187.4pt;padding-right: 5.4pt;padding-top: 0cm\" width=\"250\" valign=\"top\">\n<p class=\"MsoNormal\" style=\"text-align: justify;margin: 0cm 0cm 0pt\"><span style=\"font-family: Arial;font-size: 10pt\">La p\u00e8rdua<\/span><\/p>\n<\/td>\n<\/tr>\n<tr>\n<td style=\"padding-bottom: 0cm;padding-left: 5.4pt;width: 203.4pt;padding-right: 5.4pt;padding-top: 0cm\" width=\"271\" valign=\"top\">\n<p class=\"MsoNormal\" style=\"text-align: justify;margin: 0cm 0cm 0pt\"><span style=\"font-family: Arial;font-size: 10pt\">Irene Cuadrado Hernandez<\/span><\/p>\n<\/td>\n<td style=\"padding-bottom: 0cm;padding-left: 5.4pt;width: 187.4pt;padding-right: 5.4pt;padding-top: 0cm\" width=\"250\" valign=\"top\">\n<p class=\"MsoNormal\" style=\"text-align: justify;margin: 0cm 0cm 0pt\"><span style=\"font-family: Arial;font-size: 10pt\">Somriures despr\u00e9s de l&#8217;alhambrada<\/span><\/p>\n<\/td>\n<\/tr>\n<tr>\n<td style=\"padding-bottom: 0cm;padding-left: 5.4pt;width: 203.4pt;padding-right: 5.4pt;padding-top: 0cm\" width=\"271\" valign=\"top\">\n<p class=\"MsoNormal\" style=\"text-align: justify;margin: 0cm 0cm 0pt\"><span style=\"font-family: Arial;font-size: 10pt\">Pablo Llorente Requena<\/span><\/p>\n<\/td>\n<td style=\"padding-bottom: 0cm;padding-left: 5.4pt;width: 187.4pt;padding-right: 5.4pt;padding-top: 0cm\" width=\"250\" valign=\"top\">\n<p class=\"MsoNormal\" style=\"text-align: justify;margin: 0cm 0cm 0pt\"><span style=\"font-family: Arial;font-size: 10pt\">Dolor i salvaci\u00f3<\/span><\/p>\n<\/td>\n<\/tr>\n<\/tbody>\n<\/table>\n<p class=\"MsoNormal\" style=\"text-align: justify;margin: 0cm 0cm 0pt\"><span style=\"font-family: Arial;font-size: 10pt\">\u00a0<\/span><\/p>\n<p class=\"MsoNormal\" style=\"text-align: justify;margin: 0cm 0cm 0pt\"><span style=\"font-family: Arial;font-size: 10pt\">L&#8217;Acte de lliurament de premis i la inauguraci\u00f3 de l&#8217;exposici\u00f3 est\u00e0 previst per a el pr\u00f2xim dia 1 de juny a les 13.00 hores a la Sala d&#8217;Exposicions de l&#8217;Edifici Rectorat i Consell Social.<\/span><\/p>\n<p><\/p>","protected":false},"excerpt":{"rendered":"<p>EL JURAT DE L&#8217;IX CONCURS DE PINTURA FACTOR ENERGIA &#8211; UNIVERSITAT MIGUEL HERN\u00c1NDEZ D&#8217;ELX, REUNIT AMB DATA 13 D&#8217;ABRIL, HA FALLAT EL CERTAMEN DESPR\u00c9S DE L&#8217;ESTUDI DE LES 61 OBRES PRESENTADES Al CERTAMEN.<br \/>\n\u00a0<br \/>\nEl Jurat, compost per Sr. Jes\u00fas Rodr\u00edguez Mar\u00edn, Excm. i Magfco. Rector de la UMH, els vocals Sr. \u00d3scar Vega, representant de Factor [&#8230;]<\/p>\n","protected":false},"author":1,"featured_media":0,"comment_status":"closed","ping_status":"closed","sticky":false,"template":"","format":"standard","meta":{"ngg_post_thumbnail":0,"_links_to":"","_links_to_target":""},"categories":[567],"tags":[364212],"_links":{"self":[{"href":"https:\/\/cultura.umh.es\/es\/wp-json\/wp\/v2\/posts\/495"}],"collection":[{"href":"https:\/\/cultura.umh.es\/es\/wp-json\/wp\/v2\/posts"}],"about":[{"href":"https:\/\/cultura.umh.es\/es\/wp-json\/wp\/v2\/types\/post"}],"author":[{"embeddable":true,"href":"https:\/\/cultura.umh.es\/es\/wp-json\/wp\/v2\/users\/1"}],"replies":[{"embeddable":true,"href":"https:\/\/cultura.umh.es\/es\/wp-json\/wp\/v2\/comments?post=495"}],"version-history":[{"count":0,"href":"https:\/\/cultura.umh.es\/es\/wp-json\/wp\/v2\/posts\/495\/revisions"}],"wp:attachment":[{"href":"https:\/\/cultura.umh.es\/es\/wp-json\/wp\/v2\/media?parent=495"}],"wp:term":[{"taxonomy":"category","embeddable":true,"href":"https:\/\/cultura.umh.es\/es\/wp-json\/wp\/v2\/categories?post=495"},{"taxonomy":"post_tag","embeddable":true,"href":"https:\/\/cultura.umh.es\/es\/wp-json\/wp\/v2\/tags?post=495"}],"curies":[{"name":"wp","href":"https:\/\/api.w.org\/{rel}","templated":true}]}}