{"id":4919,"date":"2017-01-31T14:09:47","date_gmt":"2017-01-31T13:09:47","guid":{"rendered":"http:\/\/cultura.umh.es\/?p=4919"},"modified":"2023-09-07T13:33:12","modified_gmt":"2023-09-07T11:33:12","slug":"curs-de-fotografia-i-moda-publicitaria","status":"publish","type":"post","link":"https:\/\/cultura.umh.es\/es\/2017\/01\/31\/curs-de-fotografia-i-moda-publicitaria\/","title":{"rendered":"Curso de fotograf\u00eda y moda publicitaria"},"content":{"rendered":"<p><a href=\"https:\/\/cultura.umh.es\/files\/2017\/01\/Cartel-CdI_FotoDeModayPubliweb.jpg\"><img loading=\"lazy\" class=\" wp-image-4921 alignleft\" src=\"https:\/\/cultura.umh.es\/files\/2017\/01\/Cartel-CdI_FotoDeModayPubliweb-252x300.jpg\" alt=\"Cartel-CdI_FotoDeModayPubli(web)\" width=\"298\" height=\"355\" srcset=\"https:\/\/cultura.umh.es\/files\/2017\/01\/Cartel-CdI_FotoDeModayPubliweb-252x300.jpg 252w, https:\/\/cultura.umh.es\/files\/2017\/01\/Cartel-CdI_FotoDeModayPubliweb-768x915.jpg 768w, https:\/\/cultura.umh.es\/files\/2017\/01\/Cartel-CdI_FotoDeModayPubliweb-859x1024.jpg 859w, https:\/\/cultura.umh.es\/files\/2017\/01\/Cartel-CdI_FotoDeModayPubliweb.jpg 1240w\" sizes=\"(max-width: 298px) 100vw, 298px\" \/><\/a><\/p>\n<p>FOTOGRAF\u00cdA DE MODA Y PUBLICITARIA, campus de Elche.<\/p>\n<p>El curso es complementario a las competencias b\u00e1sicas y obligatorias de los t\u00edtulos UMH Comunicaci\u00f3n Audiovisual y Bellas Artes, as\u00ed como de inter\u00e9s general en un mundo donde las im\u00e1genes tienen cada vez un mayor peso (competencias transversales de otros t\u00edtulos y relevancia social de la imagen fotogr\u00e1fica).<\/p>\n<p><span style=\"color: #000080\"><a style=\"color: #000080\" href=\"http:\/\/www.umh.es\/contenido\/Estudiantes\/:tit_fpo_8200\/datos_es.html\" target=\"_blank\" rel=\"noopener\">+ informaci\u00f3n\u00a0<\/a><\/span><\/p>","protected":false},"excerpt":{"rendered":"<p>FOTOGRAF\u00cdA DE MODA Y PUBLICITARIA, campus de Elche.<br \/>\nEl curso es complementario a las competencias b\u00e1sicas y obligatorias de los t\u00edtulos UMH Comunicaci\u00f3n Audiovisual y Bellas Artes, as\u00ed como de inter\u00e9s general en un mundo donde las im\u00e1genes tienen cada vez un mayor peso (competencias transversales de otros t\u00edtulos y relevancia social de la imagen fotogr\u00e1fica).<br \/>\n+ [&#8230;]<\/p>\n","protected":false},"author":3617,"featured_media":4921,"comment_status":"closed","ping_status":"closed","sticky":false,"template":"","format":"standard","meta":{"ngg_post_thumbnail":0,"_links_to":"","_links_to_target":""},"categories":[6],"tags":[55517,44844],"_links":{"self":[{"href":"https:\/\/cultura.umh.es\/es\/wp-json\/wp\/v2\/posts\/4919"}],"collection":[{"href":"https:\/\/cultura.umh.es\/es\/wp-json\/wp\/v2\/posts"}],"about":[{"href":"https:\/\/cultura.umh.es\/es\/wp-json\/wp\/v2\/types\/post"}],"author":[{"embeddable":true,"href":"https:\/\/cultura.umh.es\/es\/wp-json\/wp\/v2\/users\/3617"}],"replies":[{"embeddable":true,"href":"https:\/\/cultura.umh.es\/es\/wp-json\/wp\/v2\/comments?post=4919"}],"version-history":[{"count":0,"href":"https:\/\/cultura.umh.es\/es\/wp-json\/wp\/v2\/posts\/4919\/revisions"}],"wp:featuredmedia":[{"embeddable":true,"href":"https:\/\/cultura.umh.es\/es\/wp-json\/wp\/v2\/media\/4921"}],"wp:attachment":[{"href":"https:\/\/cultura.umh.es\/es\/wp-json\/wp\/v2\/media?parent=4919"}],"wp:term":[{"taxonomy":"category","embeddable":true,"href":"https:\/\/cultura.umh.es\/es\/wp-json\/wp\/v2\/categories?post=4919"},{"taxonomy":"post_tag","embeddable":true,"href":"https:\/\/cultura.umh.es\/es\/wp-json\/wp\/v2\/tags?post=4919"}],"curies":[{"name":"wp","href":"https:\/\/api.w.org\/{rel}","templated":true}]}}