{"id":43,"date":"2008-10-01T12:00:32","date_gmt":"2008-10-01T10:00:32","guid":{"rendered":"http:\/\/cultura.zeus.umh.es\/?p=43"},"modified":"2025-06-04T15:09:47","modified_gmt":"2025-06-04T13:09:47","slug":"benvinguda-octubre-2008","status":"publish","type":"post","link":"https:\/\/cultura.umh.es\/es\/2008\/10\/01\/benvinguda-octubre-2008\/","title":{"rendered":"Bienvenida Octubre 2008"},"content":{"rendered":"<p><\/p>\n<h3>Actividades de Bienvenida &#8211; Octubre 2008<\/h3>\n<p><!--more--><\/p>\n<p class=\"MsoNormal\" style=\"margin: 0in 0in 0pt\"><strong><span style=\"font-size: 11pt\"><span style=\"font-family: Times New Roman\">Curso acad\u00e9mico 2008-2009<\/span><\/span><\/strong><\/p>\n<p><!-- D\u00eda 2 --><\/p>\n<p><strong>Jueves 2<\/strong><\/p>\n<p>20:00 h &#8211; Inauguraci\u00f3n de la exposici\u00f3n \u00abMiguel Hern\u00e1ndez, poeta\u00bb en Beneixama, como parte del programa \u00abCircuit d&#8217;Art\u00bb.<\/p>\n<p><!-- D\u00eda 3 --><\/p>\n<p><strong>Viernes 3<\/strong><\/p>\n<p>12:00 h &#8211; Solemne Acto de Apertura del Curso Acad\u00e9mico 2008-2009 en el sal\u00f3n de actos del edificio Rectorado y Consejo Social, campus de Elche.<\/p>\n<p><!-- D\u00eda 4 --><\/p>\n<p><strong>S\u00e1bado 4<\/strong><\/p>\n<p>20:00 h &#8211; Recital de viol\u00edn de Elina Rubio, con motivo de la clausura de la exposici\u00f3n \u00abAigua congelada, dones invisibles\u00bb de Mar\u00eda Dolores Mul\u00e1, en la sala de exposiciones del edificio Rectorado y Consejo Social, campus de Elche.<\/p>\n<p>23:00 h &#8211; Concierto del Correllengua Elche 2008 (La Gossa Sorda \u2013 ska rock -, Naraina \u2013 rumba catalana -, Rosa Luxemburg \u2013 rock alternativo -), en la Rotonda del Parc Municipal d&#8217;Elx.<\/p>\n<p><!-- D\u00eda 6 --><\/p>\n<p><strong>Lunes 6<\/strong><\/p>\n<p>14:00 a 16:00 h &#8211; Presentaci\u00f3n de la Coral de la UMH, aula 2.1 edificio Altabix, campus de Elche.<\/p>\n<p>13:00 a 14:00 h &#8211; Presentaci\u00f3n del taller \u00abC\u00f3mo iniciarse en la meditaci\u00f3n y lograr la plenitud en la vida cotidiana\u00bb, aula 0.6 edificio Altabix, campus de Elche.<\/p>\n<p>18:00 a 22:00 h &#8211; Presentaci\u00f3n del taller \u00abIniciaci\u00f3n a la Astronom\u00eda\u00bb con montaje de telescopios y observaci\u00f3n en directo de la Luna y J\u00fapiter, en la Plaza de la Dama y el Poeta, frente al edificio La G\u00e0l\u00b7lia, campus de Elche.<\/p>\n<p>18:30 a 19:30 h &#8211; Presentaci\u00f3n del grupo de teatro Grup Urb\u00e0, aula de danza 2, campus de Altea.<\/p>\n<p><!-- D\u00eda 7 --><\/p>\n<p><strong>Martes 7<\/strong><\/p>\n<p>Presentaci\u00f3n de la Estudiantina UMH con \u00abpasacalles\u00bb en el campus de Orihuela, Desamparados.<\/p>\n<p>14:00 a 16:00 h &#8211; Presentaci\u00f3n del taller \u00abPercusi\u00f3n \u00e9tnica y flamenco\u00bb, aula de danza, campus de Altea.<\/p>\n<p>16:00 a 17:00 h &#8211; Presentaci\u00f3n del taller \u00abC\u00f3mo iniciarse en la meditaci\u00f3n y lograr la plenitud en la vida cotidiana\u00bb, aula 0.2 edificio La G\u00e0l\u00b7lia, campus de Elche.<\/p>\n<p>14:00 a 16:00 h &#8211; Presentaci\u00f3n de la Coral UMH, aula 2 edificio Departamental, campus de Sant Joan.<\/p>\n<p>19:30 h &#8211; Inauguraci\u00f3n de la exposici\u00f3n B\u00e8rnia 2008, en el Espai Cultural Obert (ECO), edificio Altabix, campus de Elche.<\/p>\n<p><!-- D\u00eda 8 --><\/p>\n<p><strong>Mi\u00e9rcoles 8<\/strong><\/p>\n<p>Presentaci\u00f3n de la Estudiantina UMH con \u00abpasacalles\u00bb en el campus de Elche.<\/p>\n<p>13:00 h &#8211; Inauguraci\u00f3n de la exposici\u00f3n de Miguel Hern\u00e1ndez \u00abArrels i Esperances\u00bb, en la sala de exposiciones del edificio Rectorado y Consejo Social, campus de Elche.<\/p>\n<p><!-- D\u00eda 13 --><\/p>\n<p><strong>Lunes 13<\/strong><\/p>\n<p>16:00 a 17:00 h &#8211; Presentaci\u00f3n del grupo de teatro Celda 1009, aula A.2 del edificio 1, campus de Sant Joan.<\/p>\n<p><!-- D\u00eda 14 --><\/p>\n<p><strong>Martes 14<\/strong><\/p>\n<p>16:00 a 17:00 h &#8211; Presentaci\u00f3n del grupo de teatro Celda 1009, aula 1.5 del edificio La G\u00e0l\u00b7lia, campus de Elche.<\/p>\n<p>16:00 a 17:00 h &#8211; Presentaci\u00f3n del taller \u00abEl cuento como herramienta intercultural\u00bb, aula 0.2 edificio nuevo, campus de Orihuela, Desamparados.<\/p>\n<p>19:00 h &#8211; Presentaci\u00f3n del taller \u00abLengua de Signos\u00bb, aula 3.1 edificio La G\u00e0l\u00b7lia, campus de Elche.<\/p>\n<p><!-- D\u00eda 15 --><\/p>\n<p><strong>Mi\u00e9rcoles 15<\/strong><\/p>\n<p>16:00 a 17:00 h &#8211; Presentaci\u00f3n del taller \u00abEl cuento como herramienta intercultural\u00bb, aula 1.5 edificio La G\u00e0l\u00b7lia, campus de Elche.<\/p>\n<p><!-- D\u00eda 16 --><\/p>\n<p><strong>Jueves 16<\/strong><\/p>\n<p>12:00 h &#8211; Muestra de productos de la cooperativa agr\u00edcola de San Isidro, en el campus de Orihuela, Desamparados.<\/p>\n<p><!-- D\u00eda 17 --><\/p>\n<p><strong>Viernes 17<\/strong><\/p>\n<p>19:30 h &#8211; Clausura de la exposici\u00f3n B\u00e8rnia 2008, en el Espai Cultural Obert (ECO), edificio Altabix, campus de Elche.<\/p>\n<p><!-- D\u00eda 18 --><\/p>\n<p><strong>S\u00e1bado 18<\/strong><\/p>\n<p>20:00 h &#8211; Recital de la Coral de la UMH, en la parroquia de Elche.<\/p>\n<p><strong>Lunes 20<\/strong><\/p>\n<p>9:00 h &#8211; Torneo de Bienvenida de Ajedrez, edificio H\u00e8like, campus de Elche (para inscripciones consulta la web www.umh.es\/deportes).<\/p>\n<p><strong>Martes 21<\/strong><\/p>\n<p>9:00 h &#8211; Torneo de Bienvenida de P\u00e1del, pista de p\u00e1del, campus de Elche (para inscripciones consulta la web www.umh.es\/deportes).<\/p>\n<p>10:00 h &#8211; Torneo de Bienvenida de F\u00fatbol Sala, pistas deportivas, campus de Elche (para inscripciones consulta la web www.umh.es\/deportes).<\/p>\n<p>16:30 a 18:00 h &#8211; Bailes de Sal\u00f3n y Latinos, Plaza de la Dama y del Poeta, frente al edificio La G\u00e0l\u00b7lia, campus de Elche.<\/p>\n<p><strong>Mi\u00e9rcoles 22<\/strong><\/p>\n<p>10:00 h &#8211; Torneo de Bienvenida de F\u00fatbol Sala, pistas deportivas, campus de Elche (para inscripciones consulta la web www.umh.es\/deportes).<\/p>\n<p>16:00 h &#8211; Torneo de Bienvenida de Baloncesto 3&#215;3, pistas deportivas, campus de Elche (para inscripciones consulta la web www.umh.es\/deportes).<\/p>\n<p>19:00 h &#8211; Proyecci\u00f3n: \u00abIslandia (tierra de hielo y fuego), de sur a norte en BTT\u00bb, expedici\u00f3n realizada por miembros del Centro Excursionista de Alicante en junio de 2007. A continuaci\u00f3n, charla: \u00abC\u00f3mo preparar una expedici\u00f3n en BTT\u00bb. Todo en Aula 5 edificio Atzavares, campus de Elche.<\/p>\n<p><strong>Jueves 23<\/strong><\/p>\n<p>9:00 h &#8211; Torneo de Bienvenida de Tenis de Mesa, pistas deportivas, campus de Elche (para inscripciones consulta la web www.umh.es\/deportes).<\/p>\n<p>11:00 a 12:00 h &#8211; Presentaci\u00f3n del taller de \u00abMaquillaje\u00bb, hall del edificio nuevo, campus de Orihuela, Desamparados.<\/p>\n<p>16:30 a 19:30 h &#8211; Curso de \u00abSupervivencia Universitaria\u00bb (10 h en total = 1 cr\u00e9dito libre elecci\u00f3n), 1\u00aa fase: cocina, plancha, bricolaje y protocolo en la mesa, campus de Elche (solo 30 plazas, para inscripciones env\u00eda un correo electr\u00f3nico a cultura@umh.es, indicando nombre y apellidos, tel\u00e9fono, DNI y titulaci\u00f3n a la que perteneces).<br \/>\n&#8211; Grupo 1: 18:30 a 19:30 h &#8211; Cocina.<\/p>\n<p>&#8211; Grupo 2: 16:30 a 19:30 h &#8211; Plancha.<\/p>\n<p>17:00 h &#8211; 18:00 h &#8211; Presentaci\u00f3n del Taller de Maquillaje, Aula 2.4 Orihuela-Salesas.<\/p>\n<p><strong>Viernes 24<\/strong><\/p>\n<p>10:00 h &#8211; Torneo de Bienvenida de Golf, campo de golf, campus de Elche (para inscripciones consulta la web www.umh.es\/deportes).<\/p>\n<p>11:00 a 12:00 h &#8211; Presentaci\u00f3n del taller de Maquillaje, en el c\u00e9sped, junto a la cafeter\u00eda del edificio Altabix, campus de Elche.<\/p>\n<p>16:00 h &#8211; Torneo de Bienvenida de Mus, cafeter\u00eda de Altabix, campus de Elche (para inscripciones consulta la web www.umh.es\/deportes).<\/p>\n<p>16:00 a 17:00 h &#8211; Presentaci\u00f3n del grupo de teatro, aula 0.3 Orihuela-Desamparados.<\/p>\n<p><strong>S\u00e1bado 25<\/strong><\/p>\n<p>10:00 h &#8211; Ruta senderista: \u00abSierra de Bernia\u00bb, recorrido de aproximadamente 12 km. Punto de encuentro en la entrada de la cafeter\u00eda del edificio Altabix, campus de Elche. Los estudiantes deben inscribirse previamente por correo electr\u00f3nico a cultura@umh.es, indicando nombre, apellidos, DNI, tel\u00e9fono y titulaci\u00f3n a la que pertenecen. Cada estudiante puede venir con un acompa\u00f1ante. En caso de venir acompa\u00f1ado, el estudiante debe proporcionar el nombre, apellidos, tel\u00e9fono y DNI del acompa\u00f1ante. La \u00faltima fecha de inscripci\u00f3n es el viernes 17 a las 13:00 h.<\/p>\n<p>10:00 h &#8211; Taller de apoyo al estudio, aula 0.4 Orihuela-Salesas.<\/p>\n<p>12:00 h &#8211; Curso de \u00abSupervivencia Universitaria\u00bb (10 h en total = 1 cr\u00e9dito libre elecci\u00f3n), 2\u00aa fase: cocina, plancha, bricolaje y protocolo en la mesa, campus de Elche (solo 30 plazas, para inscripciones env\u00eda un correo electr\u00f3nico a cultura@umh.es, indicando nombre y apellidos, tel\u00e9fono, DNI y titulaci\u00f3n a la que perteneces).<br \/>\n&#8211; Grupo 1: 12:00 a 13:00 h &#8211; Plancha.<\/p>\n<p>&#8211; Grupo 2: 13:30 a 14:30 h &#8211; Cocina.<\/p>\n<p>19:00 h &#8211; Presentaci\u00f3n del grupo de teatro, Aula 2.1 Orihuela-Desamparados.<\/p>\n<p><strong>Lunes 27<\/strong><\/p>\n<p>18:00 a 19:00 h &#8211; Sesi\u00f3n Informativa \u00abVoluntariado por el Valenciano\u00bb, aula 2.4 edificio La G\u00e0l\u00b7lia, campus de Elche.<\/p>\n<p><strong>Martes 28<\/strong><\/p>\n<p>16:30 a 18:00 h &#8211; Bailes de Sal\u00f3n y Latinos, plaza de la Dama y del Poeta, frente al edificio La G\u00e0l\u00b7lia, campus de Elche.<\/p>\n<p><strong>Mi\u00e9rcoles 29<\/strong><\/p>\n<p>16:00 a 17:00 h &#8211; Presentaci\u00f3n de los talleres \u00abRecuperar la alegr\u00eda y la risa\u00bb y \u00abEl cuento como herramienta intercultural\u00bb, aula 1.1, campus de Altea.<\/p>\n<p><strong>Jueves 30<\/strong><\/p>\n<p>16:30 a 19:30 h &#8211; Curso de \u00abSupervivencia Universitaria\u00bb (2\u00aa fase), campus de Elche (cafeter\u00eda Altabix).<br \/>\n&#8211; Grupo 1: 18:30 a 19:30 h &#8211; Plancha.<br \/>\n&#8211; Grupo 2: 16:30 a 19:30 h &#8211; Cocina.<\/p>\n<p><strong>Viernes 31<\/strong><\/p>\n<p>13:00 h &#8211; Espacio Cultural Abierto (ECO), edificio Altabix, campus de Elche. Presentaci\u00f3n del \u00abClub de Lectura\u00bb, Presentaci\u00f3n del III Libro de Relato Corto Atzavares y entrega del premio de fotograf\u00eda \u00abCapturas\u00bb.<\/p>","protected":false},"excerpt":{"rendered":"<p>Actividades de Bienvenida &#8211; Octubre 2008<\/p>\n<p>Curso acad\u00e9mico 2008-2009<\/p>\n<p>Jueves 2<br \/>\n20:00 h &#8211; Inauguraci\u00f3n de la exposici\u00f3n \u00abMiguel Hern\u00e1ndez, poeta\u00bb en Beneixama, como parte del programa \u00abCircuit d&#8217;Art\u00bb.<\/p>\n<p>Viernes 3<br \/>\n12:00 h &#8211; Solemne Acto de Apertura del Curso Acad\u00e9mico 2008-2009 en el sal\u00f3n de actos del edificio Rectorado y Consejo Social, campus de Elche.<\/p>\n<p>S\u00e1bado 4<br \/>\n20:00 h &#8211; Recital [&#8230;]<\/p>\n","protected":false},"author":1,"featured_media":0,"comment_status":"open","ping_status":"closed","sticky":false,"template":"","format":"standard","meta":{"ngg_post_thumbnail":0,"_links_to":"","_links_to_target":""},"categories":[4],"tags":[8494,363918],"_links":{"self":[{"href":"https:\/\/cultura.umh.es\/es\/wp-json\/wp\/v2\/posts\/43"}],"collection":[{"href":"https:\/\/cultura.umh.es\/es\/wp-json\/wp\/v2\/posts"}],"about":[{"href":"https:\/\/cultura.umh.es\/es\/wp-json\/wp\/v2\/types\/post"}],"author":[{"embeddable":true,"href":"https:\/\/cultura.umh.es\/es\/wp-json\/wp\/v2\/users\/1"}],"replies":[{"embeddable":true,"href":"https:\/\/cultura.umh.es\/es\/wp-json\/wp\/v2\/comments?post=43"}],"version-history":[{"count":0,"href":"https:\/\/cultura.umh.es\/es\/wp-json\/wp\/v2\/posts\/43\/revisions"}],"wp:attachment":[{"href":"https:\/\/cultura.umh.es\/es\/wp-json\/wp\/v2\/media?parent=43"}],"wp:term":[{"taxonomy":"category","embeddable":true,"href":"https:\/\/cultura.umh.es\/es\/wp-json\/wp\/v2\/categories?post=43"},{"taxonomy":"post_tag","embeddable":true,"href":"https:\/\/cultura.umh.es\/es\/wp-json\/wp\/v2\/tags?post=43"}],"curies":[{"name":"wp","href":"https:\/\/api.w.org\/{rel}","templated":true}]}}