{"id":39,"date":"2010-02-19T11:18:07","date_gmt":"2010-02-19T10:18:07","guid":{"rendered":"http:\/\/valencia.zeus.umh.es\/?p=39"},"modified":"2023-09-19T13:02:36","modified_gmt":"2023-09-19T11:02:36","slug":"iv-mostra-de-musica-en-valencia","status":"publish","type":"post","link":"https:\/\/cultura.umh.es\/es\/2010\/02\/19\/iv-mostra-de-musica-en-valencia\/","title":{"rendered":"IV Muestra de M\u00fasica en Valenciano"},"content":{"rendered":"<p><\/p>\n<h1>Se ha abierto, especialmente para estudiantes y personal de la UMH, el plazo de recepci\u00f3n de maquetas para participar en la <strong>IV Mostra de M\u00fasica en Valenci\u00e0 de la UMH<\/strong>, que se llevar\u00e1 a cabo el <strong>22 de abril en la Sala Bailongo<\/strong>.<\/h1>\n<p>Asimismo, si deseas unirte a nosotros, participar en la grabaci\u00f3n de la falca de radio o cualquier otra forma que consideres, env\u00eda un correo electr\u00f3nico a musicaenvalenciaumh@hotmail.com en 1 3 y listo. \u00a1Formaremos un grupo genial! \ud83d\ude1b<\/p>\n<p>\u00bfPor qu\u00e9? Pues para pasar un buen rato y poner el valenciano en su lugar, musicalmente hablando, en este caso. \u00bfVas a perd\u00e9rtelo? \u00a1Agita tu agenda! ;P<\/p>\n<p>    <strong>M\u00e1s informaci\u00f3n<\/strong>: <a href=\"http:\/\/umhfest.epse.es\/\" target=\"_blank\" rel=\"noopener\">http:\/\/umhfest.epse.es\/<\/a><\/p>","protected":false},"excerpt":{"rendered":"<p>Se ha abierto, especialmente para estudiantes y personal de la UMH, el plazo de recepci\u00f3n de maquetas para participar en la IV Mostra de M\u00fasica en Valenci\u00e0 de la UMH, que se llevar\u00e1 a cabo el 22 de abril en la Sala Bailongo.<br \/>\nAsimismo, si deseas unirte a nosotros, participar en la grabaci\u00f3n de la falca [&#8230;]<\/p>\n","protected":false},"author":1,"featured_media":0,"comment_status":"closed","ping_status":"closed","sticky":false,"template":"","format":"standard","meta":{"ngg_post_thumbnail":0,"_links_to":"","_links_to_target":""},"categories":[1233],"tags":[363956],"_links":{"self":[{"href":"https:\/\/cultura.umh.es\/es\/wp-json\/wp\/v2\/posts\/39"}],"collection":[{"href":"https:\/\/cultura.umh.es\/es\/wp-json\/wp\/v2\/posts"}],"about":[{"href":"https:\/\/cultura.umh.es\/es\/wp-json\/wp\/v2\/types\/post"}],"author":[{"embeddable":true,"href":"https:\/\/cultura.umh.es\/es\/wp-json\/wp\/v2\/users\/1"}],"replies":[{"embeddable":true,"href":"https:\/\/cultura.umh.es\/es\/wp-json\/wp\/v2\/comments?post=39"}],"version-history":[{"count":0,"href":"https:\/\/cultura.umh.es\/es\/wp-json\/wp\/v2\/posts\/39\/revisions"}],"wp:attachment":[{"href":"https:\/\/cultura.umh.es\/es\/wp-json\/wp\/v2\/media?parent=39"}],"wp:term":[{"taxonomy":"category","embeddable":true,"href":"https:\/\/cultura.umh.es\/es\/wp-json\/wp\/v2\/categories?post=39"},{"taxonomy":"post_tag","embeddable":true,"href":"https:\/\/cultura.umh.es\/es\/wp-json\/wp\/v2\/tags?post=39"}],"curies":[{"name":"wp","href":"https:\/\/api.w.org\/{rel}","templated":true}]}}