{"id":1998,"date":"2014-02-04T08:30:11","date_gmt":"2014-02-04T07:30:11","guid":{"rendered":"http:\/\/cultura.umh.es\/?p=1998"},"modified":"2023-09-11T13:00:33","modified_gmt":"2023-09-11T11:00:33","slug":"11e-premi-sambori-de-narrativa-curta-en-valencia-2014","status":"publish","type":"post","link":"https:\/\/cultura.umh.es\/es\/2014\/02\/04\/11e-premi-sambori-de-narrativa-curta-en-valencia-2014\/","title":{"rendered":"11\u00e8 Premi Sambori de narrativa curta en valenci\u00e0 2014"},"content":{"rendered":"<p><\/p>\n<table style=\"border: none\">\n<tbody>\n<tr>\n<td style=\"border-color: transparent\"><a href=\"https:\/\/cultura.umh.es\/files\/2014\/02\/cartell_sambori2014.jpg\" target=\"_blank\" rel=\"noopener\"><img loading=\"lazy\" src=\"https:\/\/cultura.umh.es\/files\/2014\/02\/sambori2014_mini.jpg\" alt=\"Sambori 2014\" width=\"214\" height=\"150\" class=\"alignleft size-full wp-image-1675\" \/><\/a><\/td>\n<td style=\"vertical-align: middle;border-color: transparent;text-align: justify !important\" valign=\"middle\"><strong>11\u00e8 Premi Sambori de narrativa curta en valenci\u00e0 2014.<\/strong><\/p>\n<p>La Fundaci\u00f3 Sambori -amb la col\u00b7laboraci\u00f3 de la Universitat de Val\u00e8ncia, la Universitat Polit\u00e8cnica de Val\u00e8ncia, la Universitat d\u2019Alacant, la Universitat Jaume I de Castell\u00f3 i la Universitat Miguel Hern\u00e1ndez d\u2019Elx- convoca l&#8217;Onz\u00e8 Concurs Universitari de Narrativa en Valenci\u00e0 PREMI SAMBORI 2014<br \/>\n<br \/><a href=\"https:\/\/cultura.umh.es\/files\/2014\/02\/bases_sambori2014.pdf\" target=\"_blank\" rel=\"noopener\">Bases y Full de participaci\u00f3<\/a><\/td>\n<\/tr>\n<\/tbody>\n<\/table>\n<p><\/p>","protected":false},"excerpt":{"rendered":"<p>11\u00e8 Premi Sambori de narrativa curta en valenci\u00e0 2014.<br \/>\nLa Fundaci\u00f3 Sambori -amb la col\u00b7laboraci\u00f3 de la Universitat de Val\u00e8ncia, la Universitat Polit\u00e8cnica de Val\u00e8ncia, la Universitat d\u2019Alacant, la Universitat Jaume I de Castell\u00f3 i la Universitat Miguel Hern\u00e1ndez d\u2019Elx- convoca l&#8217;Onz\u00e8 Concurs Universitari de Narrativa en Valenci\u00e0 PREMI SAMBORI 2014<br \/>\nBases y Full de participaci\u00f3<\/p>\n","protected":false},"author":2938,"featured_media":0,"comment_status":"closed","ping_status":"closed","sticky":false,"template":"","format":"standard","meta":{"ngg_post_thumbnail":0,"_links_to":"","_links_to_target":""},"categories":[567],"tags":[363975],"_links":{"self":[{"href":"https:\/\/cultura.umh.es\/es\/wp-json\/wp\/v2\/posts\/1998"}],"collection":[{"href":"https:\/\/cultura.umh.es\/es\/wp-json\/wp\/v2\/posts"}],"about":[{"href":"https:\/\/cultura.umh.es\/es\/wp-json\/wp\/v2\/types\/post"}],"author":[{"embeddable":true,"href":"https:\/\/cultura.umh.es\/es\/wp-json\/wp\/v2\/users\/2938"}],"replies":[{"embeddable":true,"href":"https:\/\/cultura.umh.es\/es\/wp-json\/wp\/v2\/comments?post=1998"}],"version-history":[{"count":0,"href":"https:\/\/cultura.umh.es\/es\/wp-json\/wp\/v2\/posts\/1998\/revisions"}],"wp:attachment":[{"href":"https:\/\/cultura.umh.es\/es\/wp-json\/wp\/v2\/media?parent=1998"}],"wp:term":[{"taxonomy":"category","embeddable":true,"href":"https:\/\/cultura.umh.es\/es\/wp-json\/wp\/v2\/categories?post=1998"},{"taxonomy":"post_tag","embeddable":true,"href":"https:\/\/cultura.umh.es\/es\/wp-json\/wp\/v2\/tags?post=1998"}],"curies":[{"name":"wp","href":"https:\/\/api.w.org\/{rel}","templated":true}]}}