{"id":19734,"date":"2026-09-03T15:02:15","date_gmt":"2026-09-03T13:02:15","guid":{"rendered":"https:\/\/cultura.umh.es\/?p=19734"},"modified":"2026-09-03T15:02:15","modified_gmt":"2026-09-03T13:02:15","slug":"convocatoria-viii-beca-boomerang-2026","status":"publish","type":"post","link":"https:\/\/cultura.umh.es\/es\/2026\/09\/03\/convocatoria-viii-beca-boomerang-2026\/","title":{"rendered":"Convocatoria VIII Beca Boomerang 2026"},"content":{"rendered":"<p><\/p>\n<h3><a href=\"https:\/\/cultura.umh.es\/files\/2021\/05\/Logo_Boomerang_medio.jpg\"><img loading=\"lazy\" class=\"alignnone size-medium wp-image-10291\" src=\"https:\/\/cultura.umh.es\/files\/2021\/05\/Logo_Boomerang_medio-300x173.jpg\" alt=\"Logo Beca Boomerang\" width=\"300\" height=\"173\" srcset=\"https:\/\/cultura.umh.es\/files\/2021\/05\/Logo_Boomerang_medio-300x173.jpg 300w, https:\/\/cultura.umh.es\/files\/2021\/05\/Logo_Boomerang_medio-768x442.jpg 768w, https:\/\/cultura.umh.es\/files\/2021\/05\/Logo_Boomerang_medio-1024x590.jpg 1024w, https:\/\/cultura.umh.es\/files\/2021\/05\/Logo_Boomerang_medio.jpg 1181w\" sizes=\"(max-width: 300px) 100vw, 300px\" \/><\/a><\/h3>\n<h3><strong>VIII Edici\u00f3n de la Beca Boomerang UMH 2026<\/strong><\/h3>\n<p>Beca de producci\u00f3n art\u00edstica para estudiantes y para egresados y egresadas de las facultades de Bellas Artes del territorio nacional, para apoyar su carrera art\u00edstica profesional y reivindicar su producci\u00f3n actual.<\/p>\n<div>\n<ul>\n<li><a href=\"https:\/\/boumh.umh.es\/files\/2026\/09\/RR_02049_2026.pdf\" target=\"_blank\" rel=\"noopener\">Descargar Bases de la Beca Boomerang UMH 2026 (PDF) 3.81MB<\/a>\n<ul>\n<li>Fecha l\u00edmite para inscripci\u00f3n: <strong>pendiente de publicaci\u00f3n en el Diario Oficial de la Generalitat Valenciana<\/strong><\/li>\n<\/ul>\n<\/li>\n<\/ul>\n<p><a href=\"https:\/\/cultura.umh.es\/es\/convocatorias\/beca-boomerang\/\">Ir a la p\u00e1gina de la Beca Boomerang<\/a><\/p>\n<\/div>\n<p><\/p>","protected":false},"excerpt":{"rendered":"<p>VIII Edici\u00f3n de la Beca Boomerang UMH 2026<br \/>\nBeca de producci\u00f3n art\u00edstica para estudiantes y para egresados y egresadas de las facultades de Bellas Artes del territorio nacional, para apoyar su carrera art\u00edstica profesional y reivindicar su producci\u00f3n actual.<\/p>\n<p>Descargar Bases de la Beca Boomerang UMH 2026 (PDF) 3.81MB<\/p>\n<p>Fecha l\u00edmite para inscripci\u00f3n: pendiente de publicaci\u00f3n en el [&#8230;]<\/p>\n","protected":false},"author":2954,"featured_media":0,"comment_status":"closed","ping_status":"closed","sticky":false,"template":"","format":"standard","meta":{"ngg_post_thumbnail":0,"_links_to":"","_links_to_target":""},"categories":[985884],"tags":[],"_links":{"self":[{"href":"https:\/\/cultura.umh.es\/es\/wp-json\/wp\/v2\/posts\/19734"}],"collection":[{"href":"https:\/\/cultura.umh.es\/es\/wp-json\/wp\/v2\/posts"}],"about":[{"href":"https:\/\/cultura.umh.es\/es\/wp-json\/wp\/v2\/types\/post"}],"author":[{"embeddable":true,"href":"https:\/\/cultura.umh.es\/es\/wp-json\/wp\/v2\/users\/2954"}],"replies":[{"embeddable":true,"href":"https:\/\/cultura.umh.es\/es\/wp-json\/wp\/v2\/comments?post=19734"}],"version-history":[{"count":0,"href":"https:\/\/cultura.umh.es\/es\/wp-json\/wp\/v2\/posts\/19734\/revisions"}],"wp:attachment":[{"href":"https:\/\/cultura.umh.es\/es\/wp-json\/wp\/v2\/media?parent=19734"}],"wp:term":[{"taxonomy":"category","embeddable":true,"href":"https:\/\/cultura.umh.es\/es\/wp-json\/wp\/v2\/categories?post=19734"},{"taxonomy":"post_tag","embeddable":true,"href":"https:\/\/cultura.umh.es\/es\/wp-json\/wp\/v2\/tags?post=19734"}],"curies":[{"name":"wp","href":"https:\/\/api.w.org\/{rel}","templated":true}]}}