{"id":19716,"date":"2026-09-02T14:18:25","date_gmt":"2026-09-02T12:18:25","guid":{"rendered":"https:\/\/cultura.umh.es\/?p=19716"},"modified":"2026-09-02T14:24:36","modified_gmt":"2026-09-02T12:24:36","slug":"las-tres-muertes-de-teofilo-del-valle","status":"publish","type":"post","link":"https:\/\/cultura.umh.es\/es\/2026\/09\/02\/las-tres-muertes-de-teofilo-del-valle\/","title":{"rendered":"Las tres muertes de Te\u00f3filo del Valle"},"content":{"rendered":"<p><a href=\"https:\/\/cultura.umh.es\/files\/2026\/09\/Las-tres-muertes-de-teofilo_banner.jpg\"><img loading=\"lazy\" class=\"alignnone size-medium wp-image-19719\" src=\"https:\/\/cultura.umh.es\/files\/2026\/09\/Las-tres-muertes-de-teofilo_banner-300x200.jpg\" alt=\"\" width=\"300\" height=\"200\" srcset=\"https:\/\/cultura.umh.es\/files\/2026\/09\/Las-tres-muertes-de-teofilo_banner-300x200.jpg 300w, https:\/\/cultura.umh.es\/files\/2026\/09\/Las-tres-muertes-de-teofilo_banner-1024x682.jpg 1024w, https:\/\/cultura.umh.es\/files\/2026\/09\/Las-tres-muertes-de-teofilo_banner-768x512.jpg 768w, https:\/\/cultura.umh.es\/files\/2026\/09\/Las-tres-muertes-de-teofilo_banner-1536x1024.jpg 1536w, https:\/\/cultura.umh.es\/files\/2026\/09\/Las-tres-muertes-de-teofilo_banner.jpg 1772w\" sizes=\"(max-width: 300px) 100vw, 300px\" \/><\/a><\/p>\n<p>Proyecci\u00f3n de la pel\u00edcula documental <strong><em>Las tres muertes de Te\u00f3filo del Valle<\/em><\/strong>, con presentaci\u00f3n y coloquio a cargo de su director Manuel de Juan. <strong>Martes 8 de septiembre<\/strong> de 2026 a las 19.30 horas, en la Cinemateca del edificio Valona del campus de Elche.<\/p>\n<p>En la provincia de Alicante, en febrero de 1976, los trabajadores del calzado, a lo largo de semanas, manten\u00edan asambleas y movilizaciones por un convenio justo. La dictadura continuaba. Sin libertad sindical, ni de reuni\u00f3n, ni de manifestaci\u00f3n&#8230; el \u00fanico sindicato existente era el conocido como Sindicato Vertical.<\/p>\n<p>Hubo movilizaciones y el 23 de febrero el gobernador orden\u00f3 acabar con ellas. En Elx y en Petrer se repitieron brutales cargas policiales contra grupos de vecinos y manifestantes, en un claro intento de aterrorizar a la poblaci\u00f3n. Un polic\u00eda dispar\u00f3 por la espalda seis tiros a uno de aquellos j\u00f3venes; su nombre, Te\u00f3filo del Valle. Un disparo le alcanz\u00f3 en el tobillo derecho. Otro, en la nuca, mortal de necesidad. Te\u00f3filo del Valle qued\u00f3 muerto en la calle San Roque del casco viejo de Elda.<\/p>\n<p>La noticia corri\u00f3 como la p\u00f3lvora y el 26 amaneci\u00f3 con una huelga general que paraliz\u00f3 el calzado en todo el Vinalop\u00f3 en protesta y solidaridad con el joven trabajador. M\u00e1s de 20.000 personas fueron en manifestaci\u00f3n de duelo a su entierro.<\/p>\n<p>Bajo el t\u00edtulo Las tres muertes de Te\u00f3filo del Valle, se narra y se documentan los hechos, tras una exhaustiva investigaci\u00f3n, que muestra las interioridades del sistema represivo franquista y la impunidad que le defin\u00eda.<\/p>\n<p>El documental re\u00fane importantes testimonios y muestra las evidencias que los responsables gubernamentales quisieron eliminar del expediente judicial. Sus familiares a\u00fan esperan justicia y recuperaci\u00f3n de la imagen y el buen nombre de su hermano. Adem\u00e1s, el documental aborda el momento hist\u00f3rico de la Transici\u00f3n a trav\u00e9s de declaraciones de amigos de Te\u00f3filo, l\u00edderes sindicales, periodistas y otros protagonistas de aquellos hechos.<\/p>\n<p>El hilo conductor es el relato de la Transici\u00f3n vivida desde la experiencia de un padre, testigo de los hechos, y su propio hijo, que descubren como la impunidad y el silencio se sumaron a la primera muerte de Te\u00f3filo, en febrero de 1976.<\/p>\n<p>La entrada es libre hasta completar aforo.<br \/>\nNo recomendada para menores de 12 a\u00f1os.<\/p>\n<p><a href=\"https:\/\/cultura.umh.es\/files\/2026\/09\/Las-tres-muertes-de-teofilo_cartelweb.jpg\"><img loading=\"lazy\" class=\"alignnone size-medium wp-image-19722\" src=\"https:\/\/cultura.umh.es\/files\/2026\/09\/Las-tres-muertes-de-teofilo_cartelweb-212x300.jpg\" alt=\"\" width=\"212\" height=\"300\" srcset=\"https:\/\/cultura.umh.es\/files\/2026\/09\/Las-tres-muertes-de-teofilo_cartelweb-212x300.jpg 212w, https:\/\/cultura.umh.es\/files\/2026\/09\/Las-tres-muertes-de-teofilo_cartelweb-724x1024.jpg 724w, https:\/\/cultura.umh.es\/files\/2026\/09\/Las-tres-muertes-de-teofilo_cartelweb-768x1086.jpg 768w, https:\/\/cultura.umh.es\/files\/2026\/09\/Las-tres-muertes-de-teofilo_cartelweb-1086x1536.jpg 1086w, https:\/\/cultura.umh.es\/files\/2026\/09\/Las-tres-muertes-de-teofilo_cartelweb.jpg 1240w\" sizes=\"(max-width: 212px) 100vw, 212px\" \/><\/a><\/p>","protected":false},"excerpt":{"rendered":"<p>Proyecci\u00f3n de la pel\u00edcula documental Las tres muertes de Te\u00f3filo del Valle, con presentaci\u00f3n y coloquio a cargo de su director Manuel de Juan. Martes 8 de septiembre de 2026 a las 19.30 horas, en la Cinemateca del edificio Valona del campus de Elche.<br \/>\nEn la provincia de Alicante, en febrero de 1976, los trabajadores del [&#8230;]<\/p>\n","protected":false},"author":2954,"featured_media":0,"comment_status":"closed","ping_status":"closed","sticky":false,"template":"","format":"standard","meta":{"ngg_post_thumbnail":0,"_links_to":"","_links_to_target":""},"categories":[144,694],"tags":[],"_links":{"self":[{"href":"https:\/\/cultura.umh.es\/es\/wp-json\/wp\/v2\/posts\/19716"}],"collection":[{"href":"https:\/\/cultura.umh.es\/es\/wp-json\/wp\/v2\/posts"}],"about":[{"href":"https:\/\/cultura.umh.es\/es\/wp-json\/wp\/v2\/types\/post"}],"author":[{"embeddable":true,"href":"https:\/\/cultura.umh.es\/es\/wp-json\/wp\/v2\/users\/2954"}],"replies":[{"embeddable":true,"href":"https:\/\/cultura.umh.es\/es\/wp-json\/wp\/v2\/comments?post=19716"}],"version-history":[{"count":0,"href":"https:\/\/cultura.umh.es\/es\/wp-json\/wp\/v2\/posts\/19716\/revisions"}],"wp:attachment":[{"href":"https:\/\/cultura.umh.es\/es\/wp-json\/wp\/v2\/media?parent=19716"}],"wp:term":[{"taxonomy":"category","embeddable":true,"href":"https:\/\/cultura.umh.es\/es\/wp-json\/wp\/v2\/categories?post=19716"},{"taxonomy":"post_tag","embeddable":true,"href":"https:\/\/cultura.umh.es\/es\/wp-json\/wp\/v2\/tags?post=19716"}],"curies":[{"name":"wp","href":"https:\/\/api.w.org\/{rel}","templated":true}]}}