{"id":19713,"date":"2026-09-02T09:51:06","date_gmt":"2026-09-02T07:51:06","guid":{"rendered":"https:\/\/cultura.umh.es\/?p=19713"},"modified":"2026-09-02T09:51:06","modified_gmt":"2026-09-02T07:51:06","slug":"llistat-provisional-dadmesos-i-exclosos-a-tramit-de-la-xvi-beca-mordida","status":"publish","type":"post","link":"https:\/\/cultura.umh.es\/es\/2026\/09\/02\/llistat-provisional-dadmesos-i-exclosos-a-tramit-de-la-xvi-beca-mordida\/","title":{"rendered":"Listado provisional de admitidos y excluidos a tr\u00e1mite de la XVI Beca Mordida"},"content":{"rendered":"<p><a href=\"https:\/\/cultura.umh.es\/files\/2021\/04\/BecaMordida.jpg\"><img loading=\"lazy\" class=\"alignnone size-medium wp-image-10241\" src=\"https:\/\/cultura.umh.es\/files\/2021\/04\/BecaMordida-300x183.jpg\" alt=\"Logo Beca Mordida\" width=\"300\" height=\"183\" srcset=\"https:\/\/cultura.umh.es\/files\/2021\/04\/BecaMordida-300x183.jpg 300w, https:\/\/cultura.umh.es\/files\/2021\/04\/BecaMordida.jpg 369w\" sizes=\"(max-width: 300px) 100vw, 300px\" \/><\/a><\/p>\n<ul>\n<li><a href=\"https:\/\/boumh.umh.es\/files\/2026\/09\/ES_U05500001_2026_DOCH-0000000000000000000281540.pdf\" target=\"_blank\" rel=\"noopener\">Descargar listado provisional de admitidos y excluidos a tr\u00e1mite de la XVI Beca Mordida<\/a>&nbsp;\n<ul>\n<li>Fecha de publicaci\u00f3n en el BOUMH: 1\/9\/2026<\/li>\n<li>\u00daltimo d\u00eda para subsanaci\u00f3n de errores o aportaci\u00f3n de documentaci\u00f3n requerida: 15\/9\/2026<\/li>\n<\/ul>\n<\/li>\n<\/ul>\n<p><a href=\"https:\/\/cultura.umh.es\/es\/convocatorias\/beca-mordida-betanzos-umh\/\">Ir a la p\u00e1gina de la Beca Mordida<\/a><\/p>","protected":false},"excerpt":{"rendered":"<p>Descargar listado provisional de admitidos y excluidos a tr\u00e1mite de la XVI Beca Mordida&nbsp;<\/p>\n<p>Fecha de publicaci\u00f3n en el BOUMH: 1\/9\/2026<br \/>\n\u00daltimo d\u00eda para subsanaci\u00f3n de errores o aportaci\u00f3n de documentaci\u00f3n requerida: 15\/9\/2026<\/p>\n<p>Ir a la p\u00e1gina de la Beca Mordida<\/p>\n","protected":false},"author":2954,"featured_media":0,"comment_status":"closed","ping_status":"closed","sticky":false,"template":"","format":"standard","meta":{"ngg_post_thumbnail":0,"_links_to":"","_links_to_target":""},"categories":[567],"tags":[363939],"_links":{"self":[{"href":"https:\/\/cultura.umh.es\/es\/wp-json\/wp\/v2\/posts\/19713"}],"collection":[{"href":"https:\/\/cultura.umh.es\/es\/wp-json\/wp\/v2\/posts"}],"about":[{"href":"https:\/\/cultura.umh.es\/es\/wp-json\/wp\/v2\/types\/post"}],"author":[{"embeddable":true,"href":"https:\/\/cultura.umh.es\/es\/wp-json\/wp\/v2\/users\/2954"}],"replies":[{"embeddable":true,"href":"https:\/\/cultura.umh.es\/es\/wp-json\/wp\/v2\/comments?post=19713"}],"version-history":[{"count":0,"href":"https:\/\/cultura.umh.es\/es\/wp-json\/wp\/v2\/posts\/19713\/revisions"}],"wp:attachment":[{"href":"https:\/\/cultura.umh.es\/es\/wp-json\/wp\/v2\/media?parent=19713"}],"wp:term":[{"taxonomy":"category","embeddable":true,"href":"https:\/\/cultura.umh.es\/es\/wp-json\/wp\/v2\/categories?post=19713"},{"taxonomy":"post_tag","embeddable":true,"href":"https:\/\/cultura.umh.es\/es\/wp-json\/wp\/v2\/tags?post=19713"}],"curies":[{"name":"wp","href":"https:\/\/api.w.org\/{rel}","templated":true}]}}