{"id":19704,"date":"2026-08-31T14:48:26","date_gmt":"2026-08-31T12:48:26","guid":{"rendered":"https:\/\/cultura.umh.es\/?p=19704"},"modified":"2026-08-31T14:48:26","modified_gmt":"2026-08-31T12:48:26","slug":"balandrau-vent-salvatge","status":"publish","type":"post","link":"https:\/\/cultura.umh.es\/es\/2026\/08\/31\/balandrau-vent-salvatge\/","title":{"rendered":"Balandrau. Vent salvatge"},"content":{"rendered":"<p><a href=\"https:\/\/cultura.umh.es\/files\/2026\/08\/Balandrau_baner.jpg\"><img loading=\"lazy\" class=\"alignnone size-medium wp-image-19707\" src=\"https:\/\/cultura.umh.es\/files\/2026\/08\/Balandrau_baner-300x225.jpg\" alt=\"\" width=\"300\" height=\"225\" srcset=\"https:\/\/cultura.umh.es\/files\/2026\/08\/Balandrau_baner-300x225.jpg 300w, https:\/\/cultura.umh.es\/files\/2026\/08\/Balandrau_baner-1024x768.jpg 1024w, https:\/\/cultura.umh.es\/files\/2026\/08\/Balandrau_baner-768x576.jpg 768w, https:\/\/cultura.umh.es\/files\/2026\/08\/Balandrau_baner.jpg 1181w\" sizes=\"(max-width: 300px) 100vw, 300px\" \/><\/a><\/p>\n<p>El Vicerrectorado de Cultura, Igualdad y Diversidad de la Universidad Miguel Hern\u00e1ndez de Elche, contin\u00faa su ciclo de cine en valenciano a la sala Odeon de Elche el pr\u00f3ximo <strong>3 de septiembre<\/strong>, en sesiones de 17:30 y 20:30 horas con la pel\u00edcula <strong><em>Balandrau, vent salvatge<\/em><\/strong>, de Fernando Trullols.<\/p>\n<p>Sinopsis:<\/p>\n<p>El 30 de diciembre del 2000, un grupo de amigos se disponen a hacer el ascenso al Balandrau, en los Pirineos catalanes. El sol acompa\u00f1a los monta\u00f1osos hasta que, en cuesti\u00f3n de minutos, todo cambia de manera imprevisible. Un viento salvaje conocido como \u00abventisca\u00bb desencadena la peor de las tormentas de la historia de los Pirineos.<\/p>\n<p>La entrada es libre limitada al aforo de la sala.<\/p>\n<p><a href=\"https:\/\/cultura.umh.es\/files\/2026\/08\/Balandrau_cartelweb.jpg\"><img loading=\"lazy\" class=\"alignnone size-medium wp-image-19710\" src=\"https:\/\/cultura.umh.es\/files\/2026\/08\/Balandrau_cartelweb-212x300.jpg\" alt=\"\" width=\"212\" height=\"300\" srcset=\"https:\/\/cultura.umh.es\/files\/2026\/08\/Balandrau_cartelweb-212x300.jpg 212w, https:\/\/cultura.umh.es\/files\/2026\/08\/Balandrau_cartelweb-724x1024.jpg 724w, https:\/\/cultura.umh.es\/files\/2026\/08\/Balandrau_cartelweb-768x1086.jpg 768w, https:\/\/cultura.umh.es\/files\/2026\/08\/Balandrau_cartelweb-1086x1536.jpg 1086w, https:\/\/cultura.umh.es\/files\/2026\/08\/Balandrau_cartelweb.jpg 1240w\" sizes=\"(max-width: 212px) 100vw, 212px\" \/><\/a><\/p>\n<p>&nbsp;<\/p>","protected":false},"excerpt":{"rendered":"<p>El Vicerrectorado de Cultura, Igualdad y Diversidad de la Universidad Miguel Hern\u00e1ndez de Elche, contin\u00faa su ciclo de cine en valenciano a la sala Odeon de Elche el pr\u00f3ximo 3 de septiembre, en sesiones de 17:30 y 20:30 horas con la pel\u00edcula Balandrau, vent salvatge, de Fernando Trullols.<br \/>\nSinopsis:<br \/>\nEl 30 de diciembre del 2000, un grupo [&#8230;]<\/p>\n","protected":false},"author":2954,"featured_media":0,"comment_status":"closed","ping_status":"closed","sticky":false,"template":"","format":"standard","meta":{"ngg_post_thumbnail":0,"_links_to":"","_links_to_target":""},"categories":[144,694],"tags":[363934],"_links":{"self":[{"href":"https:\/\/cultura.umh.es\/es\/wp-json\/wp\/v2\/posts\/19704"}],"collection":[{"href":"https:\/\/cultura.umh.es\/es\/wp-json\/wp\/v2\/posts"}],"about":[{"href":"https:\/\/cultura.umh.es\/es\/wp-json\/wp\/v2\/types\/post"}],"author":[{"embeddable":true,"href":"https:\/\/cultura.umh.es\/es\/wp-json\/wp\/v2\/users\/2954"}],"replies":[{"embeddable":true,"href":"https:\/\/cultura.umh.es\/es\/wp-json\/wp\/v2\/comments?post=19704"}],"version-history":[{"count":0,"href":"https:\/\/cultura.umh.es\/es\/wp-json\/wp\/v2\/posts\/19704\/revisions"}],"wp:attachment":[{"href":"https:\/\/cultura.umh.es\/es\/wp-json\/wp\/v2\/media?parent=19704"}],"wp:term":[{"taxonomy":"category","embeddable":true,"href":"https:\/\/cultura.umh.es\/es\/wp-json\/wp\/v2\/categories?post=19704"},{"taxonomy":"post_tag","embeddable":true,"href":"https:\/\/cultura.umh.es\/es\/wp-json\/wp\/v2\/tags?post=19704"}],"curies":[{"name":"wp","href":"https:\/\/api.w.org\/{rel}","templated":true}]}}