{"id":19339,"date":"2026-04-24T09:50:27","date_gmt":"2026-04-24T07:50:27","guid":{"rendered":"https:\/\/cultura.umh.es\/?p=19339"},"modified":"2026-04-24T09:50:27","modified_gmt":"2026-04-24T07:50:27","slug":"miguel-el-raig-que-no-cessa","status":"publish","type":"post","link":"https:\/\/cultura.umh.es\/es\/2026\/04\/24\/miguel-el-raig-que-no-cessa\/","title":{"rendered":"Miguel. El rayo que no cesa"},"content":{"rendered":"<p><a href=\"https:\/\/cultura.umh.es\/files\/2026\/04\/El-rayo-que-no-cesa_banner.jpg\"><img loading=\"lazy\" class=\"alignnone size-medium wp-image-19342\" src=\"https:\/\/cultura.umh.es\/files\/2026\/04\/El-rayo-que-no-cesa_banner-300x225.jpg\" alt=\"\" width=\"300\" height=\"225\" srcset=\"https:\/\/cultura.umh.es\/files\/2026\/04\/El-rayo-que-no-cesa_banner-300x225.jpg 300w, https:\/\/cultura.umh.es\/files\/2026\/04\/El-rayo-que-no-cesa_banner.jpg 591w\" sizes=\"(max-width: 300px) 100vw, 300px\" \/><\/a><\/p>\n<p>La <strong>Compa\u00f1\u00eda de teatro UMH<\/strong>, dirigida por Ad\u00e1n Rodr\u00edguez, representar\u00e1, en la bienvenida a senderistas de la <a href=\"https:\/\/cultura.umh.es\/activitats\/senda-del-poeta\/\">XXX edici\u00f3n La senda del poeta Miguel Hern\u00e1ndez 2026<\/a>, la obra teatral <strong><em>Miguel. El rayo que no cesa<\/em><\/strong>. El s\u00e1bado 25 de abril 2026, a las 20.30 horas, en el Aula 1.1 del edificio Arenals de campus de Elche.<\/p>\n<p>La entrada es libre a todos los p\u00fablicos hasta completar aforo.<\/p>\n<p><a href=\"https:\/\/cultura.umh.es\/files\/2026\/04\/El-rayo-que-no-cesa_cartelweb.jpg\"><img loading=\"lazy\" class=\"alignnone size-medium wp-image-19345\" src=\"https:\/\/cultura.umh.es\/files\/2026\/04\/El-rayo-que-no-cesa_cartelweb-212x300.jpg\" alt=\"\" width=\"212\" height=\"300\" srcset=\"https:\/\/cultura.umh.es\/files\/2026\/04\/El-rayo-que-no-cesa_cartelweb-212x300.jpg 212w, https:\/\/cultura.umh.es\/files\/2026\/04\/El-rayo-que-no-cesa_cartelweb-724x1024.jpg 724w, https:\/\/cultura.umh.es\/files\/2026\/04\/El-rayo-que-no-cesa_cartelweb-768x1086.jpg 768w, https:\/\/cultura.umh.es\/files\/2026\/04\/El-rayo-que-no-cesa_cartelweb-1086x1536.jpg 1086w, https:\/\/cultura.umh.es\/files\/2026\/04\/El-rayo-que-no-cesa_cartelweb.jpg 1240w\" sizes=\"(max-width: 212px) 100vw, 212px\" \/><\/a><\/p>","protected":false},"excerpt":{"rendered":"<p>La Compa\u00f1\u00eda de teatro UMH, dirigida por Ad\u00e1n Rodr\u00edguez, representar\u00e1, en la bienvenida a senderistas de la XXX edici\u00f3n La senda del poeta Miguel Hern\u00e1ndez 2026, la obra teatral Miguel. El rayo que no cesa. El s\u00e1bado 25 de abril 2026, a las 20.30 horas, en el Aula 1.1 del edificio Arenals de campus de [&#8230;]<\/p>\n","protected":false},"author":2954,"featured_media":0,"comment_status":"closed","ping_status":"closed","sticky":false,"template":"","format":"standard","meta":{"ngg_post_thumbnail":0,"_links_to":"","_links_to_target":""},"categories":[694,701],"tags":[363978,364020],"_links":{"self":[{"href":"https:\/\/cultura.umh.es\/es\/wp-json\/wp\/v2\/posts\/19339"}],"collection":[{"href":"https:\/\/cultura.umh.es\/es\/wp-json\/wp\/v2\/posts"}],"about":[{"href":"https:\/\/cultura.umh.es\/es\/wp-json\/wp\/v2\/types\/post"}],"author":[{"embeddable":true,"href":"https:\/\/cultura.umh.es\/es\/wp-json\/wp\/v2\/users\/2954"}],"replies":[{"embeddable":true,"href":"https:\/\/cultura.umh.es\/es\/wp-json\/wp\/v2\/comments?post=19339"}],"version-history":[{"count":0,"href":"https:\/\/cultura.umh.es\/es\/wp-json\/wp\/v2\/posts\/19339\/revisions"}],"wp:attachment":[{"href":"https:\/\/cultura.umh.es\/es\/wp-json\/wp\/v2\/media?parent=19339"}],"wp:term":[{"taxonomy":"category","embeddable":true,"href":"https:\/\/cultura.umh.es\/es\/wp-json\/wp\/v2\/categories?post=19339"},{"taxonomy":"post_tag","embeddable":true,"href":"https:\/\/cultura.umh.es\/es\/wp-json\/wp\/v2\/tags?post=19339"}],"curies":[{"name":"wp","href":"https:\/\/api.w.org\/{rel}","templated":true}]}}