{"id":19327,"date":"2026-04-22T12:10:22","date_gmt":"2026-04-22T10:10:22","guid":{"rendered":"https:\/\/cultura.umh.es\/?p=19327"},"modified":"2026-04-22T12:11:02","modified_gmt":"2026-04-22T10:11:02","slug":"shoes","status":"publish","type":"post","link":"https:\/\/cultura.umh.es\/es\/2026\/04\/22\/shoes\/","title":{"rendered":"Shoes"},"content":{"rendered":"<p><a href=\"https:\/\/cultura.umh.es\/files\/2026\/04\/Shoes.jpg\"><img loading=\"lazy\" class=\"alignnone size-full wp-image-19330\" src=\"https:\/\/cultura.umh.es\/files\/2026\/04\/Shoes.jpg\" alt=\"\" width=\"300\" height=\"225\"><\/a><\/p>\n<p><strong>El Vicerrectorado de Cultura, Igualdad y Diversidad de la UMH y el Centro de Idiomas de la Fundaci\u00f3n Universitas Miguel Hern\u00e1ndez, dentro del proyecto Di\u00e1logos culturales: Elche \u2013 UMH, organizan la representaci\u00f3n de Shoes, a cargo de la compa\u00f1\u00eda Chasqueado Teatro, bajo la direcci\u00f3n de Joan Nave, con Roo Castillo y Alberto Ba\u00f1o.<\/strong><\/p>\n<p>La representaci\u00f3n tendr\u00e1 lugar el pr\u00f3ximo martes 28 de abril, a las 19.30 horas, a la Cinemateca del edificio La Valona de la Universidad Miguel Hern\u00e1ndez de Elche.<\/p>\n<p>Shoes es una forma muy directa y eficaz de trabajar en pro de metodolog\u00edas pluriling\u00fces. Una obra llena de sorpresas, con humor e intriga, pensada para romper las resistencias del alumnado a pasarlo bien con idiomas que aprenden en el instituto. Shoes nace de la necesidad de la compa\u00f1\u00eda de transmitir dos ideas que, a la vez, nacen de dos preguntas: Podemos ser amigos y amigas si no nos entendemos? Realmente, es tan dif\u00edcil comprender un m\u00ednimo de idioma para relacionarnos y comunicarnos?<\/p>\n<p>El acceso es libre limitado al aforo de la sala.<\/p>\n<p><a href=\"https:\/\/cultura.umh.es\/files\/2026\/04\/Shoes_cartellweb.jpg\"><img loading=\"lazy\" class=\"alignnone size-medium wp-image-19333\" src=\"https:\/\/cultura.umh.es\/files\/2026\/04\/Shoes_cartellweb-214x300.jpg\" alt=\"\" width=\"214\" height=\"300\" srcset=\"https:\/\/cultura.umh.es\/files\/2026\/04\/Shoes_cartellweb-214x300.jpg 214w, https:\/\/cultura.umh.es\/files\/2026\/04\/Shoes_cartellweb-730x1024.jpg 730w, https:\/\/cultura.umh.es\/files\/2026\/04\/Shoes_cartellweb-768x1078.jpg 768w, https:\/\/cultura.umh.es\/files\/2026\/04\/Shoes_cartellweb-1095x1536.jpg 1095w, https:\/\/cultura.umh.es\/files\/2026\/04\/Shoes_cartellweb.jpg 1240w\" sizes=\"(max-width: 214px) 100vw, 214px\" \/><\/a><\/p>","protected":false},"excerpt":{"rendered":"<p>El Vicerrectorado de Cultura, Igualdad y Diversidad de la UMH y el Centro de Idiomas de la Fundaci\u00f3n Universitas Miguel Hern\u00e1ndez, dentro del proyecto Di\u00e1logos culturales: Elche \u2013 UMH, organizan la representaci\u00f3n de Shoes, a cargo de la compa\u00f1\u00eda Chasqueado Teatro, bajo la direcci\u00f3n de Joan Nave, con Roo Castillo y Alberto Ba\u00f1o.<br \/>\nLa representaci\u00f3n tendr\u00e1 [&#8230;]<\/p>\n","protected":false},"author":2954,"featured_media":0,"comment_status":"closed","ping_status":"closed","sticky":false,"template":"","format":"standard","meta":{"ngg_post_thumbnail":0,"_links_to":"","_links_to_target":""},"categories":[694,701],"tags":[1056487,1056484],"_links":{"self":[{"href":"https:\/\/cultura.umh.es\/es\/wp-json\/wp\/v2\/posts\/19327"}],"collection":[{"href":"https:\/\/cultura.umh.es\/es\/wp-json\/wp\/v2\/posts"}],"about":[{"href":"https:\/\/cultura.umh.es\/es\/wp-json\/wp\/v2\/types\/post"}],"author":[{"embeddable":true,"href":"https:\/\/cultura.umh.es\/es\/wp-json\/wp\/v2\/users\/2954"}],"replies":[{"embeddable":true,"href":"https:\/\/cultura.umh.es\/es\/wp-json\/wp\/v2\/comments?post=19327"}],"version-history":[{"count":0,"href":"https:\/\/cultura.umh.es\/es\/wp-json\/wp\/v2\/posts\/19327\/revisions"}],"wp:attachment":[{"href":"https:\/\/cultura.umh.es\/es\/wp-json\/wp\/v2\/media?parent=19327"}],"wp:term":[{"taxonomy":"category","embeddable":true,"href":"https:\/\/cultura.umh.es\/es\/wp-json\/wp\/v2\/categories?post=19327"},{"taxonomy":"post_tag","embeddable":true,"href":"https:\/\/cultura.umh.es\/es\/wp-json\/wp\/v2\/tags?post=19327"}],"curies":[{"name":"wp","href":"https:\/\/api.w.org\/{rel}","templated":true}]}}