{"id":19322,"date":"2026-04-17T15:01:41","date_gmt":"2026-04-17T13:01:41","guid":{"rendered":"https:\/\/cultura.umh.es\/?p=19322"},"modified":"2026-04-22T10:50:07","modified_gmt":"2026-04-22T08:50:07","slug":"convocatoria-del-xxiii-concurs-de-grups-de-musica-de-la-umh","status":"publish","type":"post","link":"https:\/\/cultura.umh.es\/es\/2026\/04\/17\/convocatoria-del-xxiii-concurs-de-grups-de-musica-de-la-umh\/","title":{"rendered":"Convocatoria del XXIII Concurso de grupos de m\u00fasica de la UMH 2026"},"content":{"rendered":"<p><a href=\"https:\/\/cultura.umh.es\/files\/2023\/06\/ConcursoGruposdeMusica_bannerCAS.jpg\"><img loading=\"lazy\" class=\"alignnone size-medium wp-image-12395\" src=\"https:\/\/cultura.umh.es\/files\/2023\/06\/ConcursoGruposdeMusica_bannerCAS-300x183.jpg\" alt=\"Banner del Concurso de Grupos de M\u00fasica de la UMH\" width=\"300\" height=\"183\" srcset=\"https:\/\/cultura.umh.es\/files\/2023\/06\/ConcursoGruposdeMusica_bannerCAS-300x183.jpg 300w, https:\/\/cultura.umh.es\/files\/2023\/06\/ConcursoGruposdeMusica_bannerCAS.jpg 369w\" sizes=\"(max-width: 300px) 100vw, 300px\" \/><\/a><\/p>\n<p>Con el objeto de fomentar la cultura musical en el entorno universitario.<\/p>\n<p><a href=\"https:\/\/boumh.umh.es\/files\/2026\/04\/RR_00893_2026.pdf\" target=\"_blank\" rel=\"noopener\">Descargar Resoluci\u00f3n rectoral de la Universidad Miguel Hern\u00e1ndez de Elche por la que se convoca el XXIII Concurso de grupos de m\u00fasica de la UMH 2026 en el BOUMH<\/a><\/p>\n<p><a href=\"https:\/\/dogv.gva.es\/datos\/2026\/04\/22\/pdf\/2026_11514_es.pdf\" target=\"_blank\" rel=\"noopener\">Descargar Convocatoria del XXIII Concurs de grupos de m\u00fasica de la UMH 2026 en el DOGV<\/a><\/p>\n<p style=\"padding-left: 40px\">Fecha de inicio del plazo de solicitudes: 23\/04\/2026<br \/>\nFecha de fin del plazo de solicitudes: 31\/05\/2026<\/p>\n<p><a href=\"https:\/\/cultura.umh.es\/files\/2026\/04\/2026-Anexo-UMH-FEST.docx\">Descargar anexo II Formulario de presentaci\u00f3n<\/a><\/p>\n<p><a href=\"https:\/\/cultura.umh.es\/es\/convocatorias\/umh-fest\/\">Ir a la p\u00e1gina del Concurso de grupos de m\u00fasica de la UMH<\/a><\/p>","protected":false},"excerpt":{"rendered":"<p>Con el objeto de fomentar la cultura musical en el entorno universitario.<br \/>\nDescargar Resoluci\u00f3n rectoral de la Universidad Miguel Hern\u00e1ndez de Elche por la que se convoca el XXIII Concurso de grupos de m\u00fasica de la UMH 2026 en el BOUMH<br \/>\nDescargar Convocatoria del XXIII Concurs de grupos de m\u00fasica de la UMH 2026 en el DOGV<br \/>\nFecha [&#8230;]<\/p>\n","protected":false},"author":2954,"featured_media":0,"comment_status":"closed","ping_status":"closed","sticky":false,"template":"","format":"standard","meta":{"ngg_post_thumbnail":0,"_links_to":"","_links_to_target":""},"categories":[567],"tags":[363953,363950],"_links":{"self":[{"href":"https:\/\/cultura.umh.es\/es\/wp-json\/wp\/v2\/posts\/19322"}],"collection":[{"href":"https:\/\/cultura.umh.es\/es\/wp-json\/wp\/v2\/posts"}],"about":[{"href":"https:\/\/cultura.umh.es\/es\/wp-json\/wp\/v2\/types\/post"}],"author":[{"embeddable":true,"href":"https:\/\/cultura.umh.es\/es\/wp-json\/wp\/v2\/users\/2954"}],"replies":[{"embeddable":true,"href":"https:\/\/cultura.umh.es\/es\/wp-json\/wp\/v2\/comments?post=19322"}],"version-history":[{"count":0,"href":"https:\/\/cultura.umh.es\/es\/wp-json\/wp\/v2\/posts\/19322\/revisions"}],"wp:attachment":[{"href":"https:\/\/cultura.umh.es\/es\/wp-json\/wp\/v2\/media?parent=19322"}],"wp:term":[{"taxonomy":"category","embeddable":true,"href":"https:\/\/cultura.umh.es\/es\/wp-json\/wp\/v2\/categories?post=19322"},{"taxonomy":"post_tag","embeddable":true,"href":"https:\/\/cultura.umh.es\/es\/wp-json\/wp\/v2\/tags?post=19322"}],"curies":[{"name":"wp","href":"https:\/\/api.w.org\/{rel}","templated":true}]}}