{"id":19298,"date":"2026-04-02T14:13:05","date_gmt":"2026-04-02T12:13:05","guid":{"rendered":"https:\/\/cultura.umh.es\/?p=19298"},"modified":"2026-04-21T08:57:37","modified_gmt":"2026-04-21T06:57:37","slug":"fa-20-000-anys","status":"publish","type":"post","link":"https:\/\/cultura.umh.es\/es\/2026\/04\/02\/fa-20-000-anys\/","title":{"rendered":"Hace 20.000 a\u00f1os. El primer poblamiento humano del sur de Alicante: el yacimiento arqueol\u00f3gico de Las Ventanas de Albatera"},"content":{"rendered":"<p><a href=\"https:\/\/cultura.umh.es\/files\/2026\/04\/Hace20000anos.jpg\"><img loading=\"lazy\" class=\"alignnone size-full wp-image-19301\" src=\"https:\/\/cultura.umh.es\/files\/2026\/04\/Hace20000anos.jpg\" alt=\"Banner de hace 20.000 a\u00f1os\" width=\"300\" height=\"225\"><\/a><\/p>\n<p><strong>Conferencia y presentaci\u00f3n audiovisual de \u00abHace 20.000 a\u00f1os. El primer poblamiento humano del sur de Alicante: el yacimiento arqueol\u00f3gico de Las Ventanas de Albatera\u00bb. Viernes 24 de abril, de 19.00 a 20.00 horas, Aula UMH Pla\u00e7a de Baix, Elche.<\/strong><\/p>\n<p>El acto, presentado por la vicerrectora adjunta de Extensi\u00f3n Universitaria, Esther Fuentes Marhuenda, contar\u00e1 con la presencia de la t\u00e9cnica de cultura y de dos regidores del Ayuntamiento de Albatera, as\u00ed como con los investigadores responsables del trabajo.<\/p>\n<p>El audiovisual, patrocinado por el Ayuntamiento de Albatera, ofrece los resultados de un proyecto de investigaci\u00f3n que tiene por objeto el estudio del primer poblamiento humano en el sur de la provincia de Alicante y para el que los resultados obtenidos en Albatera hacen de este municipio un referente para el estudio de la prehistoria en el sur de Alicante. En concreto se presentar\u00e1 el yacimiento arqueol\u00f3gico bautizado como \u00abAbrigo de Las Ventanas\u00bb, correspondiente al periodo del Paleol\u00edtico superior.<\/p>\n<p>Detr\u00e1s de este proyecto hay un equipo pluridisciplinar de investigadores que cuenta con el respaldo de la Universidad de Alicante a trav\u00e9s del INAPH, con la participaci\u00f3n del catedr\u00e1tico de prehistoria de la citada universidad, Javier Fern\u00e1ndez L\u00f3pez de Pablo. Del mismo equipo toman parte el doctor en prehistoria Josep Casab\u00f3, inspector de patrimonio de Conselleria y jefe del servicio territorial de cultura para Castell\u00f3n, as\u00ed como el ingeniero de caminos Adri\u00e1n Riquelme, profesor titular de la Universidad de Alicante y el ge\u00f3logo de la Universidad del Pa\u00eds Vasco, Andoni Tarri\u00f1o. La arque\u00f3loga del Ayuntamiento de Crevillent, Ana Satorre y el profesor del IES Antonio Serna Daniel Belmonte son, junto al doctor en prehistoria e investigador de la Universidad de Alicante F. Javier Molina, los promotores de este proyecto que, en los \u00faltimos a\u00f1os, ha permitido identificar en Albatera diversos puntos de inter\u00e9s arqueol\u00f3gico para el citado periodo del Paleol\u00edtico superior.<\/p>\n<p>El proyecto, a\u00fan en curso, cuenta con dos l\u00edneas de trabajo: de un lado la estrictamente cient\u00edfica, enmarcada en el proceso de investigaci\u00f3n, con trabajo de campo, estudio de los datos obtenidos y publicaci\u00f3n cient\u00edfica de los resultados. Y, de otro, la vertiente divulgativa, en la que se enmarca la colaboraci\u00f3n del Ayuntamiento de Albatera para la elaboraci\u00f3n de un audiovisual en el que se ofrecen los resultados para el p\u00fablico en general.<\/p>\n<p>La publicaci\u00f3n cient\u00edfica se podr\u00e1 consultar en breve <em>online<\/em> en la revista Archivo de Prehistoria Levantina. En ella se recoge un pormenorizado estudio del yacimiento y de los materiales recuperados del mismo.<\/p>\n<p>Gracias a este trabajo hoy sabemos que los primeros humanos que pisaron la actual Albatera lo hicieron hace ahora m\u00e1s de 20.000 a\u00f1os, en un momento en el que las bajas temperaturas determinaron unas condiciones de vida especialmente hostiles para aquellos humanos. Hoy, despu\u00e9s de miles de a\u00f1os de su paso por estas tierras, apenas quedan unas pocas evidencias que los arque\u00f3logos han recuperado y que consisten en los restos de los \u00fatiles, fabricados en piedra, y de cuyo detallado estudio se puede concluir que la sierra de Albatera fue frecuentada por humanos anat\u00f3micamente modernos \u2014homo sapiens\u2014, durante el \u00daltimo M\u00e1ximo Glacial.<\/p>\n<p>Junto a los miembros del equipo, en el acto estar\u00e1n representando al Ayuntamiento de Albatera su t\u00e9cnica de cultura, Inmaculada Fuentes Tom\u00e1s, as\u00ed como los concejales Isabel Mar\u00eda Berna Santos \u2014concejal\u00eda Medio Ambiente\u2014 y Jos\u00e9 Antonio Bern\u00e1 Gasc\u00f3n \u2014concejal\u00eda Servicios Sociales\u2014.<\/p>\n<p>La entrada es libre hasta completar aforo.<\/p>\n<p><a href=\"https:\/\/cultura.umh.es\/files\/2026\/04\/Hace-20000-anos_cartelweb.jpg\"><img loading=\"lazy\" class=\"alignnone size-medium wp-image-19304\" src=\"https:\/\/cultura.umh.es\/files\/2026\/04\/Hace-20000-anos_cartelweb-212x300.jpg\" alt=\"Cartel de Hace 20.000 a\u00f1os\" width=\"212\" height=\"300\" srcset=\"https:\/\/cultura.umh.es\/files\/2026\/04\/Hace-20000-anos_cartelweb-212x300.jpg 212w, https:\/\/cultura.umh.es\/files\/2026\/04\/Hace-20000-anos_cartelweb-724x1024.jpg 724w, https:\/\/cultura.umh.es\/files\/2026\/04\/Hace-20000-anos_cartelweb-768x1086.jpg 768w, https:\/\/cultura.umh.es\/files\/2026\/04\/Hace-20000-anos_cartelweb-1086x1536.jpg 1086w, https:\/\/cultura.umh.es\/files\/2026\/04\/Hace-20000-anos_cartelweb.jpg 1240w\" sizes=\"(max-width: 212px) 100vw, 212px\" \/><\/a><\/p>","protected":false},"excerpt":{"rendered":"<p>Conferencia y presentaci\u00f3n audiovisual de \u00abHace 20.000 a\u00f1os. El primer poblamiento humano del sur de Alicante: el yacimiento arqueol\u00f3gico de Las Ventanas de Albatera\u00bb. Viernes 24 de abril, de 19.00 a 20.00 horas, Aula UMH Pla\u00e7a de Baix, Elche.<br \/>\nEl acto, presentado por la vicerrectora adjunta de Extensi\u00f3n Universitaria, Esther Fuentes Marhuenda, contar\u00e1 con la presencia [&#8230;]<\/p>\n","protected":false},"author":2954,"featured_media":0,"comment_status":"closed","ping_status":"closed","sticky":false,"template":"","format":"standard","meta":{"ngg_post_thumbnail":0,"_links_to":"","_links_to_target":""},"categories":[710,694],"tags":[],"_links":{"self":[{"href":"https:\/\/cultura.umh.es\/es\/wp-json\/wp\/v2\/posts\/19298"}],"collection":[{"href":"https:\/\/cultura.umh.es\/es\/wp-json\/wp\/v2\/posts"}],"about":[{"href":"https:\/\/cultura.umh.es\/es\/wp-json\/wp\/v2\/types\/post"}],"author":[{"embeddable":true,"href":"https:\/\/cultura.umh.es\/es\/wp-json\/wp\/v2\/users\/2954"}],"replies":[{"embeddable":true,"href":"https:\/\/cultura.umh.es\/es\/wp-json\/wp\/v2\/comments?post=19298"}],"version-history":[{"count":0,"href":"https:\/\/cultura.umh.es\/es\/wp-json\/wp\/v2\/posts\/19298\/revisions"}],"wp:attachment":[{"href":"https:\/\/cultura.umh.es\/es\/wp-json\/wp\/v2\/media?parent=19298"}],"wp:term":[{"taxonomy":"category","embeddable":true,"href":"https:\/\/cultura.umh.es\/es\/wp-json\/wp\/v2\/categories?post=19298"},{"taxonomy":"post_tag","embeddable":true,"href":"https:\/\/cultura.umh.es\/es\/wp-json\/wp\/v2\/tags?post=19298"}],"curies":[{"name":"wp","href":"https:\/\/api.w.org\/{rel}","templated":true}]}}