{"id":19226,"date":"2026-03-27T12:06:33","date_gmt":"2026-03-27T11:06:33","guid":{"rendered":"https:\/\/cultura.umh.es\/?p=19226"},"modified":"2026-03-27T12:10:33","modified_gmt":"2026-03-27T11:10:33","slug":"sincericidio-de-clemente-tormo-kliment","status":"publish","type":"post","link":"https:\/\/cultura.umh.es\/es\/2026\/03\/27\/sincericidio-de-clemente-tormo-kliment\/","title":{"rendered":"Sincericidio, de Clemente Tormo (Kliment)"},"content":{"rendered":"<p><a href=\"https:\/\/cultura.umh.es\/files\/2026\/03\/Sincericidio_banner.jpg\"><img loading=\"lazy\" class=\"alignnone size-medium wp-image-19229\" src=\"https:\/\/cultura.umh.es\/files\/2026\/03\/Sincericidio_banner-300x225.jpg\" alt=\"Banner de Sincericidio\" width=\"300\" height=\"225\" srcset=\"https:\/\/cultura.umh.es\/files\/2026\/03\/Sincericidio_banner-300x225.jpg 300w, https:\/\/cultura.umh.es\/files\/2026\/03\/Sincericidio_banner-1024x768.jpg 1024w, https:\/\/cultura.umh.es\/files\/2026\/03\/Sincericidio_banner-768x576.jpg 768w, https:\/\/cultura.umh.es\/files\/2026\/03\/Sincericidio_banner.jpg 1181w\" sizes=\"(max-width: 300px) 100vw, 300px\" \/><\/a><\/p>\n<p>Presentaci\u00f3n del libro <em>Sincericidio<\/em>, firma de ejemplares y exposici\u00f3n del autor ilicitano Clemente Tormo, tambi\u00e9n conocido como Kliment.<\/p>\n<p>El acto ser\u00e1 presentado por Miguel Ors Montenegro, director de la c\u00e1tedra Pedro Ibarra de la UMH.<\/p>\n<p>El martes 21 de abril 2026, a las 19.00 horas, en el Aula UMH Pla\u00e7a de Baix, Elche.<\/p>\n<p>La entrada es libre hasta completar aforo.<\/p>\n<p><a href=\"https:\/\/cultura.umh.es\/files\/2026\/03\/Sincericidio_cartel_web.jpg\"><img loading=\"lazy\" class=\"alignnone size-medium wp-image-19232\" src=\"https:\/\/cultura.umh.es\/files\/2026\/03\/Sincericidio_cartel_web-212x300.jpg\" alt=\"Cartel de Sincericidio\" width=\"212\" height=\"300\" srcset=\"https:\/\/cultura.umh.es\/files\/2026\/03\/Sincericidio_cartel_web-212x300.jpg 212w, https:\/\/cultura.umh.es\/files\/2026\/03\/Sincericidio_cartel_web-724x1024.jpg 724w, https:\/\/cultura.umh.es\/files\/2026\/03\/Sincericidio_cartel_web-768x1086.jpg 768w, https:\/\/cultura.umh.es\/files\/2026\/03\/Sincericidio_cartel_web-1086x1536.jpg 1086w, https:\/\/cultura.umh.es\/files\/2026\/03\/Sincericidio_cartel_web.jpg 1240w\" sizes=\"(max-width: 212px) 100vw, 212px\" \/><\/a><\/p>","protected":false},"excerpt":{"rendered":"<p>Presentaci\u00f3n del libro Sincericidio, firma de ejemplares y exposici\u00f3n del autor ilicitano Clemente Tormo, tambi\u00e9n conocido como Kliment.<br \/>\nEl acto ser\u00e1 presentado por Miguel Ors Montenegro, director de la c\u00e1tedra Pedro Ibarra de la UMH.<br \/>\nEl martes 21 de abril 2026, a las 19.00 horas, en el Aula UMH Pla\u00e7a de Baix, Elche.<br \/>\nLa entrada es libre hasta [&#8230;]<\/p>\n","protected":false},"author":2954,"featured_media":0,"comment_status":"closed","ping_status":"closed","sticky":false,"template":"","format":"standard","meta":{"ngg_post_thumbnail":0,"_links_to":"","_links_to_target":""},"categories":[350,694],"tags":[1056526,1056523],"_links":{"self":[{"href":"https:\/\/cultura.umh.es\/es\/wp-json\/wp\/v2\/posts\/19226"}],"collection":[{"href":"https:\/\/cultura.umh.es\/es\/wp-json\/wp\/v2\/posts"}],"about":[{"href":"https:\/\/cultura.umh.es\/es\/wp-json\/wp\/v2\/types\/post"}],"author":[{"embeddable":true,"href":"https:\/\/cultura.umh.es\/es\/wp-json\/wp\/v2\/users\/2954"}],"replies":[{"embeddable":true,"href":"https:\/\/cultura.umh.es\/es\/wp-json\/wp\/v2\/comments?post=19226"}],"version-history":[{"count":0,"href":"https:\/\/cultura.umh.es\/es\/wp-json\/wp\/v2\/posts\/19226\/revisions"}],"wp:attachment":[{"href":"https:\/\/cultura.umh.es\/es\/wp-json\/wp\/v2\/media?parent=19226"}],"wp:term":[{"taxonomy":"category","embeddable":true,"href":"https:\/\/cultura.umh.es\/es\/wp-json\/wp\/v2\/categories?post=19226"},{"taxonomy":"post_tag","embeddable":true,"href":"https:\/\/cultura.umh.es\/es\/wp-json\/wp\/v2\/tags?post=19226"}],"curies":[{"name":"wp","href":"https:\/\/api.w.org\/{rel}","templated":true}]}}