{"id":167,"date":"2010-02-16T10:00:00","date_gmt":"2010-02-16T09:00:00","guid":{"rendered":"http:\/\/cultura.zeus.umh.es\/?p=167"},"modified":"2025-06-20T13:28:47","modified_gmt":"2025-06-20T11:28:47","slug":"el-arte-en-el-camino-de-santiago","status":"publish","type":"post","link":"https:\/\/cultura.umh.es\/es\/2010\/02\/16\/el-arte-en-el-camino-de-santiago\/","title":{"rendered":"\u00bbEl Arte en el Camino de Santiago\u00bb"},"content":{"rendered":"<p>&nbsp;<\/p>\n<p><strong>Peregrinaci\u00f3n y clases de arte durante el Camino<\/strong><\/p>\n<p><a href=\"https:\/\/cultura.umh.es\/files\/2010\/02\/2010-feb-taller_camino_santiago.jpg\" target=\"_blank\" rel=\"noopener\"><img loading=\"lazy\" class=\"size-medium wp-image-184 alignnone\" src=\"https:\/\/cultura.umh.es\/files\/2010\/02\/2010-feb-taller_camino_santiago-212x300.jpg\" alt=\"\" width=\"191\" height=\"270\" srcset=\"https:\/\/cultura.umh.es\/files\/2010\/02\/2010-feb-taller_camino_santiago-212x300.jpg 212w, https:\/\/cultura.umh.es\/files\/2010\/02\/2010-feb-taller_camino_santiago-726x1024.jpg 726w\" sizes=\"(max-width: 191px) 100vw, 191px\" \/><\/a><\/p>\n<p><strong>Viaje<\/strong> del <span style=\"text-decoration: underline\">1 al 11 de abril de 2010<\/span>, a\u00f1o Xacobeo, O&#8217;Cebreiro-Santiago de Compostela<\/p>\n<p><strong>Reuni\u00f3n informativa<\/strong> mi\u00e9rcoles <span style=\"text-decoration: underline\">10 de febrero<\/span> a las <span style=\"text-decoration: underline\">16:00h<\/span> en la <span style=\"text-decoration: underline\">ECO, Hall edif. Altabix<\/span> (Exposici\u00f3n \u00abSantiago&#8230;se hace camino al andar\u00bb)<\/p>\n<p>&nbsp;<\/p>","protected":false},"excerpt":{"rendered":"<p>&nbsp;<br \/>\nPeregrinaci\u00f3n y clases de arte durante el Camino<\/p>\n<p>Viaje del 1 al 11 de abril de 2010, a\u00f1o Xacobeo, O&#8217;Cebreiro-Santiago de Compostela<br \/>\nReuni\u00f3n informativa mi\u00e9rcoles 10 de febrero a las 16:00h en la ECO, Hall edif. Altabix (Exposici\u00f3n \u00abSantiago&#8230;se hace camino al andar\u00bb)<br \/>\n&nbsp;<\/p>\n","protected":false},"author":1,"featured_media":0,"comment_status":"closed","ping_status":"closed","sticky":false,"template":"","format":"standard","meta":{"ngg_post_thumbnail":0,"_links_to":"","_links_to_target":""},"categories":[704],"tags":[],"_links":{"self":[{"href":"https:\/\/cultura.umh.es\/es\/wp-json\/wp\/v2\/posts\/167"}],"collection":[{"href":"https:\/\/cultura.umh.es\/es\/wp-json\/wp\/v2\/posts"}],"about":[{"href":"https:\/\/cultura.umh.es\/es\/wp-json\/wp\/v2\/types\/post"}],"author":[{"embeddable":true,"href":"https:\/\/cultura.umh.es\/es\/wp-json\/wp\/v2\/users\/1"}],"replies":[{"embeddable":true,"href":"https:\/\/cultura.umh.es\/es\/wp-json\/wp\/v2\/comments?post=167"}],"version-history":[{"count":0,"href":"https:\/\/cultura.umh.es\/es\/wp-json\/wp\/v2\/posts\/167\/revisions"}],"wp:attachment":[{"href":"https:\/\/cultura.umh.es\/es\/wp-json\/wp\/v2\/media?parent=167"}],"wp:term":[{"taxonomy":"category","embeddable":true,"href":"https:\/\/cultura.umh.es\/es\/wp-json\/wp\/v2\/categories?post=167"},{"taxonomy":"post_tag","embeddable":true,"href":"https:\/\/cultura.umh.es\/es\/wp-json\/wp\/v2\/tags?post=167"}],"curies":[{"name":"wp","href":"https:\/\/api.w.org\/{rel}","templated":true}]}}