{"id":15296,"date":"2026-02-24T12:36:25","date_gmt":"2026-02-24T11:36:25","guid":{"rendered":"https:\/\/cultura.umh.es\/?p=15296"},"modified":"2026-02-25T09:04:24","modified_gmt":"2026-02-25T08:04:24","slug":"concert-de-cloenda-del-curs-de-direccio-musical","status":"publish","type":"post","link":"https:\/\/cultura.umh.es\/es\/2026\/02\/24\/concert-de-cloenda-del-curs-de-direccio-musical\/","title":{"rendered":"Concierto de clausura del curso de Direcci\u00f3n Musical"},"content":{"rendered":"<p><a href=\"https:\/\/cultura.umh.es\/files\/2026\/02\/ConciertoDireccionMusical_bannerCAS.jpg\"><img loading=\"lazy\" class=\"alignnone size-medium wp-image-15302\" src=\"https:\/\/cultura.umh.es\/files\/2026\/02\/ConciertoDireccionMusical_bannerCAS-300x225.jpg\" alt=\"Banner del Concierto de Clausura del Curso de Direcci\u00f3n musical\" width=\"300\" height=\"225\" srcset=\"https:\/\/cultura.umh.es\/files\/2026\/02\/ConciertoDireccionMusical_bannerCAS-300x225.jpg 300w, https:\/\/cultura.umh.es\/files\/2026\/02\/ConciertoDireccionMusical_bannerCAS-1024x768.jpg 1024w, https:\/\/cultura.umh.es\/files\/2026\/02\/ConciertoDireccionMusical_bannerCAS-768x576.jpg 768w, https:\/\/cultura.umh.es\/files\/2026\/02\/ConciertoDireccionMusical_bannerCAS.jpg 1181w\" sizes=\"(max-width: 300px) 100vw, 300px\" \/><\/a><\/p>\n<p>Concierto de clausura del curso de Direcci\u00f3n musical interpretado por la Joven Orquesta UMH y dirigido por el maestro Ignacio Garc\u00eda-Vidal, el domingo 1 de marzo, a las 12.00 horas en el Sal\u00f3n de Actos del edificio de Rectorado y Consejo Social del campus de Elche.<\/p>\n<p>El pr\u00f3ximo domingo 1 de marzo, tendr\u00e1 lugar el concierto que clausura la 3.\u00aa edici\u00f3n del curso de invierno <em>Direcci\u00f3n Musical<\/em> del Vicerrectorado de Cultura, Igualdad y Diversidad UMH, impartido por el maestro Ignacio Garc\u00eda-Vidal con la participaci\u00f3n de la Joven Orquesta UMH (JOUMH), bajo la direcci\u00f3n de Francisco Serra. Ser\u00e1 en el Sal\u00f3n de Actos del edificio Rectorado y Consejo Social a las 12:00 horas.<\/p>\n<p>Durante la actuaci\u00f3n, participantes del curso dirigir\u00e1n e interpretar\u00e1n diferentes piezas que ser\u00e1n desveladas en el momento. El p\u00fablico asistente, a la vez que el profesor Garc\u00eda-Vidal, podr\u00e1 observar las habilidades adquiridas por el alumnado durante las cuatro jornadas que ha durado el curso, en el que han aprendido junto con la Joven Orquesta UMH los par\u00e1metros t\u00e9cnicos, musicales y psicol\u00f3gicos b\u00e1sicos.<\/p>\n<p>Ignacio Garc\u00eda-Vidal, se form\u00f3 en la tradici\u00f3n humanista de la Universidad de Salamanca y la Pontificia de Salamanca. Doctor \u00abCum Laude\u00bb (PhD) en Did\u00e1ctica de la Direcci\u00f3n Musical, se form\u00f3 en Direcci\u00f3n de Orquesta principalmente en Espa\u00f1a y Rusia con los maestros Enrique Garc\u00eda Asensio, George Erzhemski y Piotr Alexievich Gribanov, ampliando sus conocimientos en Estonia, San Petersburgo y Viena. Esta profunda formaci\u00f3n art\u00edstica y humanista le otorga un ecl\u00e9ctico perfil como director de orquesta y music\u00f3logo. Desde su debut profesional con 24 a\u00f1os al frente de la Orquesta Filarm\u00f3nica de Montevideo (Uruguay), Ignacio Garc\u00eda-Vidal se ha posicionado como un maestro de enorme personalidad al frente de importantes orquestas en relevantes teatros del mundo como el Teatro Real de Madrid, el Teatro Col\u00f3n de Buenos Aires, el Theatre Muni\u00e7ipal do Rio de Janeiro, el Teatro Nacional Sucre de Quito, el Teatro Sol\u00eds de Montevideo o el Th\u00e9\u00e2tre National de Argel. Su intensa actividad le ha llevado a dirigir las principales orquestas espa\u00f1olas como la Orquesta Sinf\u00f3nica y Coro de Radio Televisi\u00f3n Espa\u00f1ola, Orquestra de la Comunitat Valenciana (Palau de Les Arts) y sinf\u00f3nicas de Bilbao, Tenerife, Navarra, Principado de Asturias, ADDA de Alicante, entre otras.<\/p>\n<p>La entrada es libre hasta completar aforo.<\/p>\n<p><a href=\"https:\/\/cultura.umh.es\/files\/2026\/02\/ConciertoDireccionMusical_cartelCASweb.jpg\"><img loading=\"lazy\" class=\"alignnone size-medium wp-image-15308\" src=\"https:\/\/cultura.umh.es\/files\/2026\/02\/ConciertoDireccionMusical_cartelCASweb-212x300.jpg\" alt=\"Cartel del Concierto de Clausura del Curso de Direcci\u00f3n musical\" width=\"212\" height=\"300\" srcset=\"https:\/\/cultura.umh.es\/files\/2026\/02\/ConciertoDireccionMusical_cartelCASweb-212x300.jpg 212w, https:\/\/cultura.umh.es\/files\/2026\/02\/ConciertoDireccionMusical_cartelCASweb-724x1024.jpg 724w, https:\/\/cultura.umh.es\/files\/2026\/02\/ConciertoDireccionMusical_cartelCASweb-768x1086.jpg 768w, https:\/\/cultura.umh.es\/files\/2026\/02\/ConciertoDireccionMusical_cartelCASweb-1086x1536.jpg 1086w, https:\/\/cultura.umh.es\/files\/2026\/02\/ConciertoDireccionMusical_cartelCASweb.jpg 1240w\" sizes=\"(max-width: 212px) 100vw, 212px\" \/><\/a><\/p>","protected":false},"excerpt":{"rendered":"<p>Concierto de clausura del curso de Direcci\u00f3n musical interpretado por la Joven Orquesta UMH y dirigido por el maestro Ignacio Garc\u00eda-Vidal, el domingo 1 de marzo, a las 12.00 horas en el Sal\u00f3n de Actos del edificio de Rectorado y Consejo Social del campus de Elche.<br \/>\nEl pr\u00f3ximo domingo 1 de marzo, tendr\u00e1 lugar el concierto [&#8230;]<\/p>\n","protected":false},"author":2954,"featured_media":0,"comment_status":"closed","ping_status":"closed","sticky":false,"template":"","format":"standard","meta":{"ngg_post_thumbnail":0,"_links_to":"","_links_to_target":""},"categories":[55515,694],"tags":[44426],"_links":{"self":[{"href":"https:\/\/cultura.umh.es\/es\/wp-json\/wp\/v2\/posts\/15296"}],"collection":[{"href":"https:\/\/cultura.umh.es\/es\/wp-json\/wp\/v2\/posts"}],"about":[{"href":"https:\/\/cultura.umh.es\/es\/wp-json\/wp\/v2\/types\/post"}],"author":[{"embeddable":true,"href":"https:\/\/cultura.umh.es\/es\/wp-json\/wp\/v2\/users\/2954"}],"replies":[{"embeddable":true,"href":"https:\/\/cultura.umh.es\/es\/wp-json\/wp\/v2\/comments?post=15296"}],"version-history":[{"count":0,"href":"https:\/\/cultura.umh.es\/es\/wp-json\/wp\/v2\/posts\/15296\/revisions"}],"wp:attachment":[{"href":"https:\/\/cultura.umh.es\/es\/wp-json\/wp\/v2\/media?parent=15296"}],"wp:term":[{"taxonomy":"category","embeddable":true,"href":"https:\/\/cultura.umh.es\/es\/wp-json\/wp\/v2\/categories?post=15296"},{"taxonomy":"post_tag","embeddable":true,"href":"https:\/\/cultura.umh.es\/es\/wp-json\/wp\/v2\/tags?post=15296"}],"curies":[{"name":"wp","href":"https:\/\/api.w.org\/{rel}","templated":true}]}}