{"id":15283,"date":"2026-02-09T11:55:59","date_gmt":"2026-02-09T10:55:59","guid":{"rendered":"https:\/\/cultura.umh.es\/?p=15283"},"modified":"2026-02-09T11:58:59","modified_gmt":"2026-02-09T10:58:59","slug":"cicle-de-cinema-infantil-en-valencia-4","status":"publish","type":"post","link":"https:\/\/cultura.umh.es\/es\/2026\/02\/09\/cicle-de-cinema-infantil-en-valencia-4\/","title":{"rendered":"\u00abCinema infantil en valenci\u00e0\u00bb: Frozen 2"},"content":{"rendered":"<p><a href=\"https:\/\/cultura.umh.es\/files\/2026\/02\/CinemaInfantil_baner.jpg\"><img loading=\"lazy\" class=\"alignnone size-medium wp-image-15274\" src=\"https:\/\/cultura.umh.es\/files\/2026\/02\/CinemaInfantil_baner-300x225.jpg\" alt=\"B\u00e0ner del cicle de cinema infantil\" width=\"300\" height=\"225\" srcset=\"https:\/\/cultura.umh.es\/files\/2026\/02\/CinemaInfantil_baner-300x225.jpg 300w, https:\/\/cultura.umh.es\/files\/2026\/02\/CinemaInfantil_baner-1024x768.jpg 1024w, https:\/\/cultura.umh.es\/files\/2026\/02\/CinemaInfantil_baner-768x576.jpg 768w, https:\/\/cultura.umh.es\/files\/2026\/02\/CinemaInfantil_baner.jpg 1181w\" sizes=\"(max-width: 300px) 100vw, 300px\" \/><\/a><\/p>\n<p>14\u00aa edici\u00f3n del ciclo de cine <em>Cinema infantil en valenci\u00e0<\/em>, organizado por El Tempir y con la colaboraci\u00f3n del Vicerrectorado de Cultura, Igualdad y Diversidad; de la Oficina de Lleng\u00fces de la Universidad Miguel Hern\u00e1ndez de Elche; del Aula de Cine y Audiovisual de la Universidad de Alicante y de la Oficina de Cultura de la Universidad de Alicante.<\/p>\n<p><strong>Programaci\u00f3n:<\/strong><\/p>\n<p>S\u00e1bados, de 18.30 a 20.15 horas, en Aula Magna del edificio Altabix, campus de Elche:<\/p>\n<ul>\n<li>21 de febrero 2026 &#8211; <em>Elemental<\/em><\/li>\n<li>28 de febrero 2026 &#8211; <em>\u00a1Canta! 2<\/em><\/li>\n<li>7 de marzo 2026 &#8211; <em>Frozen. El regne de gel<\/em><\/li>\n<li>14 de marzo 2026 &#8211; <em>Frozen 2<\/em><\/li>\n<\/ul>\n<p>La entrada es libre, limitada al aforo de la sala.<\/p>","protected":false},"excerpt":{"rendered":"<p>14\u00aa edici\u00f3n del ciclo de cine Cinema infantil en valenci\u00e0, organizado por El Tempir y con la colaboraci\u00f3n del Vicerrectorado de Cultura, Igualdad y Diversidad; de la Oficina de Lleng\u00fces de la Universidad Miguel Hern\u00e1ndez de Elche; del Aula de Cine y Audiovisual de la Universidad de Alicante y de la Oficina de Cultura de [&#8230;]<\/p>\n","protected":false},"author":2954,"featured_media":0,"comment_status":"closed","ping_status":"closed","sticky":false,"template":"","format":"standard","meta":{"ngg_post_thumbnail":0,"_links_to":"","_links_to_target":""},"categories":[144,694],"tags":[1056509],"_links":{"self":[{"href":"https:\/\/cultura.umh.es\/es\/wp-json\/wp\/v2\/posts\/15283"}],"collection":[{"href":"https:\/\/cultura.umh.es\/es\/wp-json\/wp\/v2\/posts"}],"about":[{"href":"https:\/\/cultura.umh.es\/es\/wp-json\/wp\/v2\/types\/post"}],"author":[{"embeddable":true,"href":"https:\/\/cultura.umh.es\/es\/wp-json\/wp\/v2\/users\/2954"}],"replies":[{"embeddable":true,"href":"https:\/\/cultura.umh.es\/es\/wp-json\/wp\/v2\/comments?post=15283"}],"version-history":[{"count":0,"href":"https:\/\/cultura.umh.es\/es\/wp-json\/wp\/v2\/posts\/15283\/revisions"}],"wp:attachment":[{"href":"https:\/\/cultura.umh.es\/es\/wp-json\/wp\/v2\/media?parent=15283"}],"wp:term":[{"taxonomy":"category","embeddable":true,"href":"https:\/\/cultura.umh.es\/es\/wp-json\/wp\/v2\/categories?post=15283"},{"taxonomy":"post_tag","embeddable":true,"href":"https:\/\/cultura.umh.es\/es\/wp-json\/wp\/v2\/tags?post=15283"}],"curies":[{"name":"wp","href":"https:\/\/api.w.org\/{rel}","templated":true}]}}