{"id":15137,"date":"2026-01-09T11:26:08","date_gmt":"2026-01-09T10:26:08","guid":{"rendered":"https:\/\/cultura.umh.es\/?p=15137"},"modified":"2026-01-13T10:03:19","modified_gmt":"2026-01-13T09:03:19","slug":"cineforum-shine","status":"publish","type":"post","link":"https:\/\/cultura.umh.es\/es\/2026\/01\/09\/cineforum-shine\/","title":{"rendered":"Cinef\u00f3rum: Shine"},"content":{"rendered":"<p><a href=\"https:\/\/cultura.umh.es\/files\/2026\/01\/Shine_banner.jpg\"><img loading=\"lazy\" class=\"alignnone size-medium wp-image-15140\" src=\"https:\/\/cultura.umh.es\/files\/2026\/01\/Shine_banner-300x225.jpg\" alt=\"Banner de Shine\" width=\"300\" height=\"225\" srcset=\"https:\/\/cultura.umh.es\/files\/2026\/01\/Shine_banner-300x225.jpg 300w, https:\/\/cultura.umh.es\/files\/2026\/01\/Shine_banner-1024x768.jpg 1024w, https:\/\/cultura.umh.es\/files\/2026\/01\/Shine_banner-768x576.jpg 768w, https:\/\/cultura.umh.es\/files\/2026\/01\/Shine_banner.jpg 1181w\" sizes=\"(max-width: 300px) 100vw, 300px\" \/><\/a><\/p>\n<p>El pr\u00f3ximo <strong>jueves 15 de enero<\/strong>, a las 18.30 horas, en el aula de grados del edificio Tudemir del campus de Orihuela &#8211; Desamparados, tendr\u00e1 lugar la cuarta sesi\u00f3n del Club de cine UMH dentro del Ciclo Cinf\u00f3rum, con la presentaci\u00f3n, proyecci\u00f3n y coloquio de la pel\u00edcula <em>Shine, el resplendor de un genio<\/em>, de Scott Hicks, organizado por el Vicerrectorado de Cultura, Igualdad y Diversidad y la Facultad de Ciencias Sociales y Jur\u00eddicas de Orihuela y la EPSO. El profesor de la UMH Jos\u00e9 Antonio F\u00e9rez es el encargado de llevar adelante la actividad.<\/p>\n<p>El alumnado que asista a un m\u00ednimo de 6 sesiones podr\u00e1n recibir el correspondiente certificado de asistencia y convalidaci\u00f3n de 0,6 cr\u00e9ditos ECTS. <a href=\"https:\/\/universite.umh.es\/fpogestion\/aspx\/preinscripcion\/preinscripcion.aspx\" target=\"_blank\" rel=\"noopener\">Ir a la inscripci\u00f3n<\/a>.<\/p>\n<p>Nos complace invitarle a acompa\u00f1arnos a la pel\u00edcula y posterior debate. La entrada es libre hasta completar aforo.<\/p>\n<p><em>Shine<\/em>, 1996, Scott Hicks<\/p>\n<p>Sinopsis: Basada en la vida de David Helfgott, un ni\u00f1o prodigio, Shine examina su tortuosa vida, desde su infancia dominada por su estricto padre, hasta llegar a sus crisis nerviosas cuando es adulto. Cuando es aceptado en una prestigiosa escuela de m\u00fasica en Londres, la Royal College of Music, David se siente capaz de huir de su padre y arriesgarlo todo por su \u00fanica pasi\u00f3n, la m\u00fasica. Pero el rechazo de su padre y las presiones de su trabajo, acaban sumi\u00e9ndole en una enfermedad mental. S\u00f3lo el amor de una mujer que le comprende de verdad, puede salvarle y devolverle a la sociedad para que \u00e9sta disfrute con su m\u00fasica.<\/p>\n<p>&nbsp;<\/p>\n<p><a href=\"https:\/\/cultura.umh.es\/files\/2026\/01\/Shine_cartelweb.jpg\"><img loading=\"lazy\" class=\"alignnone size-medium wp-image-15167\" src=\"https:\/\/cultura.umh.es\/files\/2026\/01\/Shine_cartelweb-212x300.jpg\" alt=\"Cartel del Cinef\u00f3rum de la pel\u00edcula Shine\" width=\"212\" height=\"300\" srcset=\"https:\/\/cultura.umh.es\/files\/2026\/01\/Shine_cartelweb-212x300.jpg 212w, https:\/\/cultura.umh.es\/files\/2026\/01\/Shine_cartelweb-724x1024.jpg 724w, https:\/\/cultura.umh.es\/files\/2026\/01\/Shine_cartelweb-768x1086.jpg 768w, https:\/\/cultura.umh.es\/files\/2026\/01\/Shine_cartelweb-1086x1536.jpg 1086w, https:\/\/cultura.umh.es\/files\/2026\/01\/Shine_cartelweb.jpg 1240w\" sizes=\"(max-width: 212px) 100vw, 212px\" \/><\/a><\/p>","protected":false},"excerpt":{"rendered":"<p>El pr\u00f3ximo jueves 15 de enero, a las 18.30 horas, en el aula de grados del edificio Tudemir del campus de Orihuela &#8211; Desamparados, tendr\u00e1 lugar la cuarta sesi\u00f3n del Club de cine UMH dentro del Ciclo Cinf\u00f3rum, con la presentaci\u00f3n, proyecci\u00f3n y coloquio de la pel\u00edcula Shine, el resplendor de un genio, de Scott [&#8230;]<\/p>\n","protected":false},"author":2954,"featured_media":0,"comment_status":"closed","ping_status":"closed","sticky":false,"template":"","format":"standard","meta":{"ngg_post_thumbnail":0,"_links_to":"","_links_to_target":""},"categories":[144,694],"tags":[69320],"_links":{"self":[{"href":"https:\/\/cultura.umh.es\/es\/wp-json\/wp\/v2\/posts\/15137"}],"collection":[{"href":"https:\/\/cultura.umh.es\/es\/wp-json\/wp\/v2\/posts"}],"about":[{"href":"https:\/\/cultura.umh.es\/es\/wp-json\/wp\/v2\/types\/post"}],"author":[{"embeddable":true,"href":"https:\/\/cultura.umh.es\/es\/wp-json\/wp\/v2\/users\/2954"}],"replies":[{"embeddable":true,"href":"https:\/\/cultura.umh.es\/es\/wp-json\/wp\/v2\/comments?post=15137"}],"version-history":[{"count":0,"href":"https:\/\/cultura.umh.es\/es\/wp-json\/wp\/v2\/posts\/15137\/revisions"}],"wp:attachment":[{"href":"https:\/\/cultura.umh.es\/es\/wp-json\/wp\/v2\/media?parent=15137"}],"wp:term":[{"taxonomy":"category","embeddable":true,"href":"https:\/\/cultura.umh.es\/es\/wp-json\/wp\/v2\/categories?post=15137"},{"taxonomy":"post_tag","embeddable":true,"href":"https:\/\/cultura.umh.es\/es\/wp-json\/wp\/v2\/tags?post=15137"}],"curies":[{"name":"wp","href":"https:\/\/api.w.org\/{rel}","templated":true}]}}