{"id":15115,"date":"2025-12-17T12:42:23","date_gmt":"2025-12-17T11:42:23","guid":{"rendered":"https:\/\/cultura.umh.es\/?p=15115"},"modified":"2025-12-17T12:42:41","modified_gmt":"2025-12-17T11:42:41","slug":"vers-a-vers-segle-a-segle","status":"publish","type":"post","link":"https:\/\/cultura.umh.es\/es\/2025\/12\/17\/vers-a-vers-segle-a-segle\/","title":{"rendered":"Verso a verso, siglo a siglo"},"content":{"rendered":"<p><a href=\"https:\/\/cultura.umh.es\/files\/2025\/12\/VersoAVerso_banner.png\"><img loading=\"lazy\" class=\"alignnone size-medium wp-image-15118\" src=\"https:\/\/cultura.umh.es\/files\/2025\/12\/VersoAVerso_banner-300x225.png\" alt=\"Banner de Verso a verso\" width=\"300\" height=\"225\" srcset=\"https:\/\/cultura.umh.es\/files\/2025\/12\/VersoAVerso_banner-300x225.png 300w, https:\/\/cultura.umh.es\/files\/2025\/12\/VersoAVerso_banner.png 567w\" sizes=\"(max-width: 300px) 100vw, 300px\" \/><\/a><\/p>\n<p>La Universidad Miguel Hern\u00e1ndez de Elche y la C\u00e1tedra Miguel Hern\u00e1ndez tienen el placer de invitarle al espect\u00e1culo <em>Verso a verso, siglo a siglo. Cinco siglos de poes\u00eda espa\u00f1ola<\/em>, con Concha Vacas y Juan Ignacio Gonz\u00e1lez.<\/p>\n<p>El lunes <strong>22 de diciembre<\/strong> 2025, a las 19.00 horas, en la Cinemateca del edificio La Valona del campus de Elche.<\/p>\n<p>La entrada es libre hasta completar aforo.<\/p>\n<p><a href=\"https:\/\/cultura.umh.es\/files\/2025\/12\/Cartel_Verso-a-Verso_e.jpeg\"><img loading=\"lazy\" class=\"alignnone size-medium wp-image-15121\" src=\"https:\/\/cultura.umh.es\/files\/2025\/12\/Cartel_Verso-a-Verso_e-189x300.jpeg\" alt=\"Cartel de Verso a verso\" width=\"189\" height=\"300\" srcset=\"https:\/\/cultura.umh.es\/files\/2025\/12\/Cartel_Verso-a-Verso_e-189x300.jpeg 189w, https:\/\/cultura.umh.es\/files\/2025\/12\/Cartel_Verso-a-Verso_e-644x1024.jpeg 644w, https:\/\/cultura.umh.es\/files\/2025\/12\/Cartel_Verso-a-Verso_e-768x1220.jpeg 768w, https:\/\/cultura.umh.es\/files\/2025\/12\/Cartel_Verso-a-Verso_e-967x1536.jpeg 967w, https:\/\/cultura.umh.es\/files\/2025\/12\/Cartel_Verso-a-Verso_e.jpeg 1007w\" sizes=\"(max-width: 189px) 100vw, 189px\" \/><\/a><\/p>","protected":false},"excerpt":{"rendered":"<p>La Universidad Miguel Hern\u00e1ndez de Elche y la C\u00e1tedra Miguel Hern\u00e1ndez tienen el placer de invitarle al espect\u00e1culo Verso a verso, siglo a siglo. Cinco siglos de poes\u00eda espa\u00f1ola, con Concha Vacas y Juan Ignacio Gonz\u00e1lez.<br \/>\nEl lunes 22 de diciembre 2025, a las 19.00 horas, en la Cinemateca del edificio La Valona del campus de [&#8230;]<\/p>\n","protected":false},"author":2954,"featured_media":0,"comment_status":"closed","ping_status":"closed","sticky":false,"template":"","format":"standard","meta":{"ngg_post_thumbnail":0,"_links_to":"","_links_to_target":""},"categories":[350,694],"tags":[],"_links":{"self":[{"href":"https:\/\/cultura.umh.es\/es\/wp-json\/wp\/v2\/posts\/15115"}],"collection":[{"href":"https:\/\/cultura.umh.es\/es\/wp-json\/wp\/v2\/posts"}],"about":[{"href":"https:\/\/cultura.umh.es\/es\/wp-json\/wp\/v2\/types\/post"}],"author":[{"embeddable":true,"href":"https:\/\/cultura.umh.es\/es\/wp-json\/wp\/v2\/users\/2954"}],"replies":[{"embeddable":true,"href":"https:\/\/cultura.umh.es\/es\/wp-json\/wp\/v2\/comments?post=15115"}],"version-history":[{"count":0,"href":"https:\/\/cultura.umh.es\/es\/wp-json\/wp\/v2\/posts\/15115\/revisions"}],"wp:attachment":[{"href":"https:\/\/cultura.umh.es\/es\/wp-json\/wp\/v2\/media?parent=15115"}],"wp:term":[{"taxonomy":"category","embeddable":true,"href":"https:\/\/cultura.umh.es\/es\/wp-json\/wp\/v2\/categories?post=15115"},{"taxonomy":"post_tag","embeddable":true,"href":"https:\/\/cultura.umh.es\/es\/wp-json\/wp\/v2\/tags?post=15115"}],"curies":[{"name":"wp","href":"https:\/\/api.w.org\/{rel}","templated":true}]}}