{"id":15088,"date":"2025-12-08T11:13:12","date_gmt":"2025-12-08T10:13:12","guid":{"rendered":"https:\/\/cultura.umh.es\/?p=15088"},"modified":"2026-01-22T09:21:32","modified_gmt":"2026-01-22T08:21:32","slug":"concert-dhivern-musica-de-comic","status":"publish","type":"post","link":"https:\/\/cultura.umh.es\/es\/2025\/12\/08\/concert-dhivern-musica-de-comic\/","title":{"rendered":"Concierto de Invierno: M\u00fasica de c\u00f3mic"},"content":{"rendered":"<p><a href=\"https:\/\/cultura.umh.es\/files\/2025\/12\/ConciertoInviernoJOUMH_bannerCAS.jpg\"><img loading=\"lazy\" class=\"alignnone size-medium wp-image-15097\" src=\"https:\/\/cultura.umh.es\/files\/2025\/12\/ConciertoInviernoJOUMH_bannerCAS-300x225.jpg\" alt=\"Banner del Concierto de Invierno de la JOUMH\" width=\"300\" height=\"225\" srcset=\"https:\/\/cultura.umh.es\/files\/2025\/12\/ConciertoInviernoJOUMH_bannerCAS-300x225.jpg 300w, https:\/\/cultura.umh.es\/files\/2025\/12\/ConciertoInviernoJOUMH_bannerCAS-1024x768.jpg 1024w, https:\/\/cultura.umh.es\/files\/2025\/12\/ConciertoInviernoJOUMH_bannerCAS-768x576.jpg 768w, https:\/\/cultura.umh.es\/files\/2025\/12\/ConciertoInviernoJOUMH_bannerCAS-1536x1152.jpg 1536w, https:\/\/cultura.umh.es\/files\/2025\/12\/ConciertoInviernoJOUMH_bannerCAS-2048x1536.jpg 2048w\" sizes=\"(max-width: 300px) 100vw, 300px\" \/><\/a><\/p>\n<p>Concierto de invierno, con tem\u00e1tica de M\u00fasica de c\u00f3mic, por la Joven Orquesta de la Universidad Miguel Hern\u00e1ndez (JOUMH) y dirigido por Francisco Serra Mart\u00ednez. El viernes 12 de diciembre de 2025 a las 20.30 horas en el Sal\u00f3n de Actos del edificio de Rectorado y Consejo Social del campus de Elche.<\/p>\n<p>La entrada es libre hasta completar aforo.<\/p>\n<p><strong>Programa:<\/strong><\/p>\n<ul>\n<li><em>Fantasia Walt Disney<\/em> &#8211; arreglos por Johnnie Vinson<\/li>\n<li><em>The Legend of Ashitaka<\/em> (<em>La princesa Mononoke<\/em>) &#8211;&nbsp; Joe Hisaishi<\/li>\n<li><em>Brothers<\/em> (<em>Fullmetal Alchemist<\/em>) Michiru Oshima<\/li>\n<li><em>The Avengers<\/em> &#8211; Alan Silvestri<\/li>\n<li><em>One Day<\/em> (<em>Pirates of the Caribbean<\/em>) &#8211; Hans Zimmer<\/li>\n<li><em>Yoda&#8217;s Theme<\/em> (<em>Star Wars<\/em>) &#8211; John Williams<\/li>\n<li><em>Polka Pizzicato<\/em> &#8211; Johann &amp; Josef Strauss<\/li>\n<li><em>Perpetuum Mobile, Op. 257<\/em> &#8211; Johann Strauss II<\/li>\n<\/ul>\n<p><a href=\"https:\/\/cultura.umh.es\/files\/2025\/12\/ConciertoInviernoJOUMH_cartelCASweb.jpg\"><img loading=\"lazy\" class=\"alignnone size-medium wp-image-15100\" src=\"https:\/\/cultura.umh.es\/files\/2025\/12\/ConciertoInviernoJOUMH_cartelCASweb-214x300.jpg\" alt=\"Cartel del Concierto de Invierno de la JOUMH\" width=\"214\" height=\"300\" srcset=\"https:\/\/cultura.umh.es\/files\/2025\/12\/ConciertoInviernoJOUMH_cartelCASweb-214x300.jpg 214w, https:\/\/cultura.umh.es\/files\/2025\/12\/ConciertoInviernoJOUMH_cartelCASweb-730x1024.jpg 730w, https:\/\/cultura.umh.es\/files\/2025\/12\/ConciertoInviernoJOUMH_cartelCASweb-768x1078.jpg 768w, https:\/\/cultura.umh.es\/files\/2025\/12\/ConciertoInviernoJOUMH_cartelCASweb-1095x1536.jpg 1095w, https:\/\/cultura.umh.es\/files\/2025\/12\/ConciertoInviernoJOUMH_cartelCASweb.jpg 1240w\" sizes=\"(max-width: 214px) 100vw, 214px\" \/><\/a><\/p>","protected":false},"excerpt":{"rendered":"<p>Concierto de invierno, con tem\u00e1tica de M\u00fasica de c\u00f3mic, por la Joven Orquesta de la Universidad Miguel Hern\u00e1ndez (JOUMH) y dirigido por Francisco Serra Mart\u00ednez. El viernes 12 de diciembre de 2025 a las 20.30 horas en el Sal\u00f3n de Actos del edificio de Rectorado y Consejo Social del campus de Elche.<br \/>\nLa entrada es libre [&#8230;]<\/p>\n","protected":false},"author":2954,"featured_media":0,"comment_status":"closed","ping_status":"closed","sticky":false,"template":"","format":"standard","meta":{"ngg_post_thumbnail":0,"_links_to":"","_links_to_target":""},"categories":[55515,694],"tags":[44426],"_links":{"self":[{"href":"https:\/\/cultura.umh.es\/es\/wp-json\/wp\/v2\/posts\/15088"}],"collection":[{"href":"https:\/\/cultura.umh.es\/es\/wp-json\/wp\/v2\/posts"}],"about":[{"href":"https:\/\/cultura.umh.es\/es\/wp-json\/wp\/v2\/types\/post"}],"author":[{"embeddable":true,"href":"https:\/\/cultura.umh.es\/es\/wp-json\/wp\/v2\/users\/2954"}],"replies":[{"embeddable":true,"href":"https:\/\/cultura.umh.es\/es\/wp-json\/wp\/v2\/comments?post=15088"}],"version-history":[{"count":0,"href":"https:\/\/cultura.umh.es\/es\/wp-json\/wp\/v2\/posts\/15088\/revisions"}],"wp:attachment":[{"href":"https:\/\/cultura.umh.es\/es\/wp-json\/wp\/v2\/media?parent=15088"}],"wp:term":[{"taxonomy":"category","embeddable":true,"href":"https:\/\/cultura.umh.es\/es\/wp-json\/wp\/v2\/categories?post=15088"},{"taxonomy":"post_tag","embeddable":true,"href":"https:\/\/cultura.umh.es\/es\/wp-json\/wp\/v2\/tags?post=15088"}],"curies":[{"name":"wp","href":"https:\/\/api.w.org\/{rel}","templated":true}]}}