{"id":15059,"date":"2025-12-04T13:17:18","date_gmt":"2025-12-04T12:17:18","guid":{"rendered":"https:\/\/cultura.umh.es\/?p=15059"},"modified":"2025-12-04T13:17:18","modified_gmt":"2025-12-04T12:17:18","slug":"concert-de-nadal-el-messies-de-handel","status":"publish","type":"post","link":"https:\/\/cultura.umh.es\/es\/2025\/12\/04\/concert-de-nadal-el-messies-de-handel\/","title":{"rendered":"Concierto de Navidad: \u00abEl Mes\u00edas\u00bb, de H\u00e4ndel"},"content":{"rendered":"<p><a href=\"https:\/\/cultura.umh.es\/files\/2025\/12\/ConciertoNavidadPneuma_BannerCAS.jpg\"><img loading=\"lazy\" class=\"alignnone size-medium wp-image-15065\" src=\"https:\/\/cultura.umh.es\/files\/2025\/12\/ConciertoNavidadPneuma_BannerCAS-300x225.jpg\" alt=\"Banner del Concierto de Navidad\" width=\"300\" height=\"225\" srcset=\"https:\/\/cultura.umh.es\/files\/2025\/12\/ConciertoNavidadPneuma_BannerCAS-300x225.jpg 300w, https:\/\/cultura.umh.es\/files\/2025\/12\/ConciertoNavidadPneuma_BannerCAS-1024x768.jpg 1024w, https:\/\/cultura.umh.es\/files\/2025\/12\/ConciertoNavidadPneuma_BannerCAS-768x576.jpg 768w, https:\/\/cultura.umh.es\/files\/2025\/12\/ConciertoNavidadPneuma_BannerCAS-1536x1152.jpg 1536w, https:\/\/cultura.umh.es\/files\/2025\/12\/ConciertoNavidadPneuma_BannerCAS-2048x1536.jpg 2048w\" sizes=\"(max-width: 300px) 100vw, 300px\" \/><\/a><\/p>\n<p>El Conservatorio Profesional de M\u00fasica Guitarrista Jos\u00e9 Tom\u00e1s junto al Ensemble Vocal Pneuma UMH y con la colaboraci\u00f3n del Aula de Canto del Conservatorio Superior de M\u00fasica de Alicante Coro Participativo de la provincia de Alicante celebra un doble concierto de Navidad t\u00edtulado El Mes\u00edas, de H\u00e4ndel. El <strong>viernes 12<\/strong>, a las 18.00 horas, en la Bas\u00edlica de Santa Mar\u00eda de Elche; y <strong>viernes 19<\/strong>, a las 20.15 horas, en la Concatedral de San Nicol\u00e1s de Bari de Alicante.<\/p>\n<p>La entrada es libre hasta completar aforo.<\/p>\n<p><a href=\"https:\/\/cultura.umh.es\/files\/2025\/12\/ConciertoNavidadPneuma_cartelCASweb.jpg\"><img loading=\"lazy\" class=\"alignnone size-medium wp-image-15071\" src=\"https:\/\/cultura.umh.es\/files\/2025\/12\/ConciertoNavidadPneuma_cartelCASweb-212x300.jpg\" alt=\"Cartel del Concierto de Navidad\" width=\"212\" height=\"300\" srcset=\"https:\/\/cultura.umh.es\/files\/2025\/12\/ConciertoNavidadPneuma_cartelCASweb-212x300.jpg 212w, https:\/\/cultura.umh.es\/files\/2025\/12\/ConciertoNavidadPneuma_cartelCASweb-724x1024.jpg 724w, https:\/\/cultura.umh.es\/files\/2025\/12\/ConciertoNavidadPneuma_cartelCASweb-768x1086.jpg 768w, https:\/\/cultura.umh.es\/files\/2025\/12\/ConciertoNavidadPneuma_cartelCASweb-1086x1536.jpg 1086w, https:\/\/cultura.umh.es\/files\/2025\/12\/ConciertoNavidadPneuma_cartelCASweb.jpg 1240w\" sizes=\"(max-width: 212px) 100vw, 212px\" \/><\/a><\/p>","protected":false},"excerpt":{"rendered":"<p>El Conservatorio Profesional de M\u00fasica Guitarrista Jos\u00e9 Tom\u00e1s junto al Ensemble Vocal Pneuma UMH y con la colaboraci\u00f3n del Aula de Canto del Conservatorio Superior de M\u00fasica de Alicante Coro Participativo de la provincia de Alicante celebra un doble concierto de Navidad t\u00edtulado El Mes\u00edas, de H\u00e4ndel. El viernes 12, a las 18.00 horas, en [&#8230;]<\/p>\n","protected":false},"author":2954,"featured_media":0,"comment_status":"closed","ping_status":"closed","sticky":false,"template":"","format":"standard","meta":{"ngg_post_thumbnail":0,"_links_to":"","_links_to_target":""},"categories":[55515,694],"tags":[70449],"_links":{"self":[{"href":"https:\/\/cultura.umh.es\/es\/wp-json\/wp\/v2\/posts\/15059"}],"collection":[{"href":"https:\/\/cultura.umh.es\/es\/wp-json\/wp\/v2\/posts"}],"about":[{"href":"https:\/\/cultura.umh.es\/es\/wp-json\/wp\/v2\/types\/post"}],"author":[{"embeddable":true,"href":"https:\/\/cultura.umh.es\/es\/wp-json\/wp\/v2\/users\/2954"}],"replies":[{"embeddable":true,"href":"https:\/\/cultura.umh.es\/es\/wp-json\/wp\/v2\/comments?post=15059"}],"version-history":[{"count":0,"href":"https:\/\/cultura.umh.es\/es\/wp-json\/wp\/v2\/posts\/15059\/revisions"}],"wp:attachment":[{"href":"https:\/\/cultura.umh.es\/es\/wp-json\/wp\/v2\/media?parent=15059"}],"wp:term":[{"taxonomy":"category","embeddable":true,"href":"https:\/\/cultura.umh.es\/es\/wp-json\/wp\/v2\/categories?post=15059"},{"taxonomy":"post_tag","embeddable":true,"href":"https:\/\/cultura.umh.es\/es\/wp-json\/wp\/v2\/tags?post=15059"}],"curies":[{"name":"wp","href":"https:\/\/api.w.org\/{rel}","templated":true}]}}