{"id":15029,"date":"2025-11-26T15:06:52","date_gmt":"2025-11-26T14:06:52","guid":{"rendered":"https:\/\/cultura.umh.es\/?p=15029"},"modified":"2025-11-26T15:06:52","modified_gmt":"2025-11-26T14:06:52","slug":"llista-definitiva-dadmesos-i-exclosos-de-la-convocatoria-premi-juana-frances-darts-plastiques-i-visuals-precrea","status":"publish","type":"post","link":"https:\/\/cultura.umh.es\/es\/2025\/11\/26\/llista-definitiva-dadmesos-i-exclosos-de-la-convocatoria-premi-juana-frances-darts-plastiques-i-visuals-precrea\/","title":{"rendered":"Lista definitiva de admitidos y excluidos de la convocatoria Premio Juana Franc\u00e9s de Artes Pl\u00e1sticas y Visuales PRECREA"},"content":{"rendered":"<p><a href=\"https:\/\/cultura.umh.es\/files\/2024\/09\/Precrea_BanerCAS.png\"><img loading=\"lazy\" class=\"alignnone size-medium wp-image-13404\" src=\"https:\/\/cultura.umh.es\/files\/2024\/09\/Precrea_BanerCAS-300x194.png\" alt=\"B\u00e1ner de los Premios Precrea\" width=\"300\" height=\"194\" srcset=\"https:\/\/cultura.umh.es\/files\/2024\/09\/Precrea_BanerCAS-300x194.png 300w, https:\/\/cultura.umh.es\/files\/2024\/09\/Precrea_BanerCAS.png 400w\" sizes=\"(max-width: 300px) 100vw, 300px\" \/><\/a><\/p>\n<p>Resoluci\u00f3n Rectoral 03333\/2025, de 26 de noviembre, por la que se publica la lista definitiva de admitidos y excluidos a tr\u00e1mite de la convocatoria Premio Juana Franc\u00e9s de Artes Pl\u00e1sticas y Visuales dentro de la VI edici\u00f3n de los premios a la Creaci\u00f3n de las Universidades P\u00fablicas Valencianas (PRECREA):<\/p>\n<p><a href=\"https:\/\/boumh.umh.es\/files\/2025\/11\/RR_03333_2025.pdf\">Descargar lista definitiva de admitidos y excluidos de la convocatoria Premio Juana Franc\u00e9s de Artes Pl\u00e1sticas y Visuales PRECREA<\/a><\/p>\n<p><a href=\"https:\/\/cultura.umh.es\/es\/convocatorias\/precrea\/\">Ir a la p\u00e1gina de los premios PRECREA<\/a><\/p>\n<p>&nbsp;<\/p>","protected":false},"excerpt":{"rendered":"<p>Resoluci\u00f3n Rectoral 03333\/2025, de 26 de noviembre, por la que se publica la lista definitiva de admitidos y excluidos a tr\u00e1mite de la convocatoria Premio Juana Franc\u00e9s de Artes Pl\u00e1sticas y Visuales dentro de la VI edici\u00f3n de los premios a la Creaci\u00f3n de las Universidades P\u00fablicas Valencianas (PRECREA):<br \/>\nDescargar lista definitiva de admitidos y excluidos [&#8230;]<\/p>\n","protected":false},"author":2954,"featured_media":0,"comment_status":"closed","ping_status":"closed","sticky":false,"template":"","format":"standard","meta":{"ngg_post_thumbnail":0,"_links_to":"","_links_to_target":""},"categories":[567],"tags":[363922],"_links":{"self":[{"href":"https:\/\/cultura.umh.es\/es\/wp-json\/wp\/v2\/posts\/15029"}],"collection":[{"href":"https:\/\/cultura.umh.es\/es\/wp-json\/wp\/v2\/posts"}],"about":[{"href":"https:\/\/cultura.umh.es\/es\/wp-json\/wp\/v2\/types\/post"}],"author":[{"embeddable":true,"href":"https:\/\/cultura.umh.es\/es\/wp-json\/wp\/v2\/users\/2954"}],"replies":[{"embeddable":true,"href":"https:\/\/cultura.umh.es\/es\/wp-json\/wp\/v2\/comments?post=15029"}],"version-history":[{"count":0,"href":"https:\/\/cultura.umh.es\/es\/wp-json\/wp\/v2\/posts\/15029\/revisions"}],"wp:attachment":[{"href":"https:\/\/cultura.umh.es\/es\/wp-json\/wp\/v2\/media?parent=15029"}],"wp:term":[{"taxonomy":"category","embeddable":true,"href":"https:\/\/cultura.umh.es\/es\/wp-json\/wp\/v2\/categories?post=15029"},{"taxonomy":"post_tag","embeddable":true,"href":"https:\/\/cultura.umh.es\/es\/wp-json\/wp\/v2\/tags?post=15029"}],"curies":[{"name":"wp","href":"https:\/\/api.w.org\/{rel}","templated":true}]}}