{"id":14969,"date":"2025-11-21T08:48:18","date_gmt":"2025-11-21T07:48:18","guid":{"rendered":"https:\/\/cultura.umh.es\/?p=14969"},"modified":"2025-12-01T10:57:02","modified_gmt":"2025-12-01T09:57:02","slug":"conferencia-lart-de-llegir-en-public","status":"publish","type":"post","link":"https:\/\/cultura.umh.es\/es\/2025\/11\/21\/conferencia-lart-de-llegir-en-public\/","title":{"rendered":"Conferencia: El Arte de leer en p\u00fablico"},"content":{"rendered":"<p><a href=\"https:\/\/cultura.umh.es\/files\/2025\/11\/El-arte-de-leer-en-publico_banner.jpg\"><img loading=\"lazy\" class=\"alignnone size-medium wp-image-14972\" src=\"https:\/\/cultura.umh.es\/files\/2025\/11\/El-arte-de-leer-en-publico_banner-300x225.jpg\" alt=\"Banner de El Arte de leer en p\u00fablico\" width=\"300\" height=\"225\" srcset=\"https:\/\/cultura.umh.es\/files\/2025\/11\/El-arte-de-leer-en-publico_banner-300x225.jpg 300w, https:\/\/cultura.umh.es\/files\/2025\/11\/El-arte-de-leer-en-publico_banner-1024x768.jpg 1024w, https:\/\/cultura.umh.es\/files\/2025\/11\/El-arte-de-leer-en-publico_banner-768x576.jpg 768w, https:\/\/cultura.umh.es\/files\/2025\/11\/El-arte-de-leer-en-publico_banner-1536x1152.jpg 1536w, https:\/\/cultura.umh.es\/files\/2025\/11\/El-arte-de-leer-en-publico_banner-2048x1536.jpg 2048w\" sizes=\"(max-width: 300px) 100vw, 300px\" \/><\/a><\/p>\n<p><strong>El Vicerrectorado de Cultura, Igualdad y Diversidad, junto a Casa Mediterr\u00e1neo, organizan la conferencia <em>El arte de leer en p\u00fablico<\/em>, a cargo de Coral Pastor, el pr\u00f3ximo mi\u00e9rcoles 3 de diciembre de 2025, a las 19:00 horas, en el Aula UMH de la pla\u00e7a de Baix.<\/strong><\/p>\n<p>La conferencia <em>El arte de leer en p\u00fablico<\/em>, impartida por la reconocida Coral Pastor, se celebrar\u00e1 el pr\u00f3ximo 3 de diciembre de 2025 en el Aula UMH Pla\u00e7a de Baix, de Elche, en horario de 19:00 a 20:00 horas. Esta actividad es una iniciativa conjunta del Vicerrectorado de Cultura, Igualdad y Diversidad de la Universidad Miguel Hern\u00e1ndez de Elche y Casa Mediterr\u00e1neo, que tiene como objetivo profundizar en los aspectos psicof\u00edsicos y sociales que intervienen en la lectura en p\u00fablico.<\/p>\n<p>En los \u00faltimos a\u00f1os, la lectura en p\u00fablico ha adquirido una creciente popularidad, trascendiendo el \u00e1mbito acad\u00e9mico y profesional para llegar a diversos espacios culturales, como grupos de poes\u00eda, asociaciones y eventos literarios. Lejos de ser una simple transcripci\u00f3n de palabras, leer en p\u00fablico es un acto que implica una proyecci\u00f3n fon\u00e9tica, un dominio del ritmo y una conexi\u00f3n emocional con el texto, transform\u00e1ndolo en una experiencia compartida con el p\u00fablico. Este tipo de lectura requiere una comprensi\u00f3n profunda del contenido, pero tambi\u00e9n de la t\u00e9cnica. La correcta articulaci\u00f3n, la cadencia de la voz y la postura juegan un papel fundamental en la transmisi\u00f3n efectiva de las palabras. En este sentido, la lectura en p\u00fablico se convierte en un acto esc\u00e9nico que va m\u00e1s all\u00e1 de la simple recitaci\u00f3n, haciendo que el texto cobre vida y se convierta en una vivencia para el espectador.<\/p>\n<p>A lo largo de la charla, se reflexionar\u00e1 sobre c\u00f3mo este acto contribuye al desarrollo personal de quien lo practica, as\u00ed como su capacidad para generar una conexi\u00f3n social entre el lector y su audiencia. Esta actividad representa una reflexi\u00f3n integral sobre la lectura en p\u00fablico, no solo como una habilidad t\u00e9cnica, sino como un acto cultural que fortalece los lazos sociales y promueve el disfrute compartido de la palabra hablada.<\/p>\n<p>La entrada es libre hasta completar aforo.<\/p>\n<p><a href=\"https:\/\/cultura.umh.es\/files\/2025\/11\/El-arte-de-leer-en-publico_cartelweb.jpg\"><img loading=\"lazy\" class=\"alignnone size-medium wp-image-14975\" src=\"https:\/\/cultura.umh.es\/files\/2025\/11\/El-arte-de-leer-en-publico_cartelweb-300x212.jpg\" alt=\"Cartel de El Arte de leer en p\u00fablico\" width=\"300\" height=\"212\" srcset=\"https:\/\/cultura.umh.es\/files\/2025\/11\/El-arte-de-leer-en-publico_cartelweb-300x212.jpg 300w, https:\/\/cultura.umh.es\/files\/2025\/11\/El-arte-de-leer-en-publico_cartelweb-1024x724.jpg 1024w, https:\/\/cultura.umh.es\/files\/2025\/11\/El-arte-de-leer-en-publico_cartelweb-768x543.jpg 768w, https:\/\/cultura.umh.es\/files\/2025\/11\/El-arte-de-leer-en-publico_cartelweb-1536x1086.jpg 1536w, https:\/\/cultura.umh.es\/files\/2025\/11\/El-arte-de-leer-en-publico_cartelweb.jpg 1754w\" sizes=\"(max-width: 300px) 100vw, 300px\" \/><\/a><\/p>\n<p>&nbsp;<\/p>","protected":false},"excerpt":{"rendered":"<p>El Vicerrectorado de Cultura, Igualdad y Diversidad, junto a Casa Mediterr\u00e1neo, organizan la conferencia El arte de leer en p\u00fablico, a cargo de Coral Pastor, el pr\u00f3ximo mi\u00e9rcoles 3 de diciembre de 2025, a las 19:00 horas, en el Aula UMH de la pla\u00e7a de Baix.<br \/>\nLa conferencia El arte de leer en p\u00fablico, impartida por [&#8230;]<\/p>\n","protected":false},"author":2954,"featured_media":0,"comment_status":"closed","ping_status":"closed","sticky":false,"template":"","format":"standard","meta":{"ngg_post_thumbnail":0,"_links_to":"","_links_to_target":""},"categories":[710,694],"tags":[1056514],"_links":{"self":[{"href":"https:\/\/cultura.umh.es\/es\/wp-json\/wp\/v2\/posts\/14969"}],"collection":[{"href":"https:\/\/cultura.umh.es\/es\/wp-json\/wp\/v2\/posts"}],"about":[{"href":"https:\/\/cultura.umh.es\/es\/wp-json\/wp\/v2\/types\/post"}],"author":[{"embeddable":true,"href":"https:\/\/cultura.umh.es\/es\/wp-json\/wp\/v2\/users\/2954"}],"replies":[{"embeddable":true,"href":"https:\/\/cultura.umh.es\/es\/wp-json\/wp\/v2\/comments?post=14969"}],"version-history":[{"count":0,"href":"https:\/\/cultura.umh.es\/es\/wp-json\/wp\/v2\/posts\/14969\/revisions"}],"wp:attachment":[{"href":"https:\/\/cultura.umh.es\/es\/wp-json\/wp\/v2\/media?parent=14969"}],"wp:term":[{"taxonomy":"category","embeddable":true,"href":"https:\/\/cultura.umh.es\/es\/wp-json\/wp\/v2\/categories?post=14969"},{"taxonomy":"post_tag","embeddable":true,"href":"https:\/\/cultura.umh.es\/es\/wp-json\/wp\/v2\/tags?post=14969"}],"curies":[{"name":"wp","href":"https:\/\/api.w.org\/{rel}","templated":true}]}}