{"id":14942,"date":"2025-11-07T10:44:49","date_gmt":"2025-11-07T09:44:49","guid":{"rendered":"https:\/\/cultura.umh.es\/?p=14942"},"modified":"2026-01-22T09:17:41","modified_gmt":"2026-01-22T08:17:41","slug":"xiii-edicio-fantaelx","status":"publish","type":"post","link":"https:\/\/cultura.umh.es\/es\/2025\/11\/07\/xiii-edicio-fantaelx\/","title":{"rendered":"XIII edici\u00f3n &#8211; FantaElx"},"content":{"rendered":"<p><a href=\"https:\/\/cultura.umh.es\/files\/2025\/11\/FantaElx_banner.jpg\"><img loading=\"lazy\" class=\"alignnone size-medium wp-image-14945\" src=\"https:\/\/cultura.umh.es\/files\/2025\/11\/FantaElx_banner-300x225.jpg\" alt=\"Banner de FantaElx\" width=\"300\" height=\"225\" srcset=\"https:\/\/cultura.umh.es\/files\/2025\/11\/FantaElx_banner-300x225.jpg 300w, https:\/\/cultura.umh.es\/files\/2025\/11\/FantaElx_banner-1024x768.jpg 1024w, https:\/\/cultura.umh.es\/files\/2025\/11\/FantaElx_banner-768x576.jpg 768w, https:\/\/cultura.umh.es\/files\/2025\/11\/FantaElx_banner-1536x1152.jpg 1536w, https:\/\/cultura.umh.es\/files\/2025\/11\/FantaElx_banner-2048x1536.jpg 2048w\" sizes=\"(max-width: 300px) 100vw, 300px\" \/><\/a><\/p>\n<p>El Congreso Internacional de g\u00e9nero Fant\u00e1stico, Audiovisuales y Nuevas Tecnolog\u00edas es una actividad de divulgaci\u00f3n cient\u00edfica y acad\u00e9mica que forma parte del Festival Internacional de Cine Fant\u00e1stico de Elche\u2013FANTAELX, y que cuenta con la colaboraci\u00f3n de la Universidad Miguel Hern\u00e1ndez, el Centro de Investigaci\u00f3n en Artes (C\u00edA) y el grupo de investigaci\u00f3n Masiva.<\/p>\n<p>El objetivo del Congreso es la difusi\u00f3n de estudios de investigaci\u00f3n en las diferentes l\u00edneas tem\u00e1ticas del G\u00e9nero Fant\u00e1stico, alcanzando todas sus posibles variantes y plataformas: cine, televisi\u00f3n, teatro, literatura, c\u00f3mico, videojuegos, realidad virtual, artes pl\u00e1sticas, etc.<\/p>\n<p>La octava edici\u00f3n del Congreso, enmarcada dentro del <em>XIII Festival Internacional de Cine Fant\u00e1stico de Elche\u2013FANTAELX<\/em>, tendr\u00e1 lugar los d\u00edas 18, 19, 20 y 21 de noviembre de 2025 al Auditorio del Centro de Congresos \u00abCiudad de Elche\u00bb (formato presencial) (<a href=\"https:\/\/www.google.es\/maps\/place\/Centro+de+Congresos+de+Elche\/@38.2637461,-0.6978665,17z\/data=!3m1!4b1!4m5!3m4!1s0xd63b68d3015fb67:0x8a5d9268d846445c!8m2!3d38.2637461!4d-0.6956778\">ver mapa<\/a>), y en el portal web del propio festival (formato en l\u00ednea).<\/p>\n<p><a href=\"https:\/\/www.festivalcinefantaelx.com\/val\/\">Ir a la p\u00e1gina de FantaElx<\/a><\/p>\n<p><a href=\"https:\/\/cultura.umh.es\/files\/2025\/11\/Cartel_FANTAELX_2025-1229x1536-1.jpg\"><img loading=\"lazy\" class=\"alignnone size-medium wp-image-14948\" src=\"https:\/\/cultura.umh.es\/files\/2025\/11\/Cartel_FANTAELX_2025-1229x1536-1-240x300.jpg\" alt=\"Cartel de FantaElx\" width=\"240\" height=\"300\" srcset=\"https:\/\/cultura.umh.es\/files\/2025\/11\/Cartel_FANTAELX_2025-1229x1536-1-240x300.jpg 240w, https:\/\/cultura.umh.es\/files\/2025\/11\/Cartel_FANTAELX_2025-1229x1536-1-819x1024.jpg 819w, https:\/\/cultura.umh.es\/files\/2025\/11\/Cartel_FANTAELX_2025-1229x1536-1-768x960.jpg 768w, https:\/\/cultura.umh.es\/files\/2025\/11\/Cartel_FANTAELX_2025-1229x1536-1.jpg 1229w\" sizes=\"(max-width: 240px) 100vw, 240px\" \/><\/a><\/p>\n<p>&nbsp;<\/p>","protected":false},"excerpt":{"rendered":"<p>El Congreso Internacional de g\u00e9nero Fant\u00e1stico, Audiovisuales y Nuevas Tecnolog\u00edas es una actividad de divulgaci\u00f3n cient\u00edfica y acad\u00e9mica que forma parte del Festival Internacional de Cine Fant\u00e1stico de Elche\u2013FANTAELX, y que cuenta con la colaboraci\u00f3n de la Universidad Miguel Hern\u00e1ndez, el Centro de Investigaci\u00f3n en Artes (C\u00edA) y el grupo de investigaci\u00f3n Masiva.<br \/>\nEl objetivo del [&#8230;]<\/p>\n","protected":false},"author":2954,"featured_media":0,"comment_status":"closed","ping_status":"closed","sticky":false,"template":"","format":"standard","meta":{"ngg_post_thumbnail":0,"_links_to":"","_links_to_target":""},"categories":[144,694],"tags":[73856],"_links":{"self":[{"href":"https:\/\/cultura.umh.es\/es\/wp-json\/wp\/v2\/posts\/14942"}],"collection":[{"href":"https:\/\/cultura.umh.es\/es\/wp-json\/wp\/v2\/posts"}],"about":[{"href":"https:\/\/cultura.umh.es\/es\/wp-json\/wp\/v2\/types\/post"}],"author":[{"embeddable":true,"href":"https:\/\/cultura.umh.es\/es\/wp-json\/wp\/v2\/users\/2954"}],"replies":[{"embeddable":true,"href":"https:\/\/cultura.umh.es\/es\/wp-json\/wp\/v2\/comments?post=14942"}],"version-history":[{"count":0,"href":"https:\/\/cultura.umh.es\/es\/wp-json\/wp\/v2\/posts\/14942\/revisions"}],"wp:attachment":[{"href":"https:\/\/cultura.umh.es\/es\/wp-json\/wp\/v2\/media?parent=14942"}],"wp:term":[{"taxonomy":"category","embeddable":true,"href":"https:\/\/cultura.umh.es\/es\/wp-json\/wp\/v2\/categories?post=14942"},{"taxonomy":"post_tag","embeddable":true,"href":"https:\/\/cultura.umh.es\/es\/wp-json\/wp\/v2\/tags?post=14942"}],"curies":[{"name":"wp","href":"https:\/\/api.w.org\/{rel}","templated":true}]}}