{"id":14915,"date":"2025-11-06T13:11:01","date_gmt":"2025-11-06T12:11:01","guid":{"rendered":"https:\/\/cultura.umh.es\/?p=14915"},"modified":"2025-11-06T14:52:24","modified_gmt":"2025-11-06T13:52:24","slug":"cineforum-un-tipo-genial","status":"publish","type":"post","link":"https:\/\/cultura.umh.es\/es\/2025\/11\/06\/cineforum-un-tipo-genial\/","title":{"rendered":"Cinef\u00f3rum: Un tipo genial"},"content":{"rendered":"<p><a href=\"https:\/\/cultura.umh.es\/files\/2025\/11\/ClubDeCine_UnTipoGenial_banner.jpg\"><img loading=\"lazy\" class=\"alignnone size-medium wp-image-14920\" src=\"https:\/\/cultura.umh.es\/files\/2025\/11\/ClubDeCine_UnTipoGenial_banner-300x183.jpg\" alt=\"Banner de Un tipo genial\" width=\"300\" height=\"183\" srcset=\"https:\/\/cultura.umh.es\/files\/2025\/11\/ClubDeCine_UnTipoGenial_banner-300x183.jpg 300w, https:\/\/cultura.umh.es\/files\/2025\/11\/ClubDeCine_UnTipoGenial_banner-1024x625.jpg 1024w, https:\/\/cultura.umh.es\/files\/2025\/11\/ClubDeCine_UnTipoGenial_banner-768x468.jpg 768w, https:\/\/cultura.umh.es\/files\/2025\/11\/ClubDeCine_UnTipoGenial_banner-1536x937.jpg 1536w, https:\/\/cultura.umh.es\/files\/2025\/11\/ClubDeCine_UnTipoGenial_banner.jpg 1538w\" sizes=\"(max-width: 300px) 100vw, 300px\" \/><\/a><\/p>\n<p>Proyecci\u00f3n de la pel\u00edcula <em>Un tipo genial<\/em> de Bill Forsyth, dentro del ciclo Cinef\u00f3rum Orihuela, del Club Cine UMH, seguida de un debate y coloquio a cargo del profesor Jos\u00e9 Antonio F\u00e9rez Rubio. Jueves 13 de noviembre a las 18.00 horas, en la Sala de Grados del edificio Tudemir, campus de Orihuela &#8211; Desamparados. La entrada es libre hasta completar aforo. Para certificado de asistencia se requiere inscripci\u00f3n.<\/p>\n<p><a href=\"https:\/\/www.umh.es\/contenido\/Estudios\/:tit_fpo_17431\/datos_val.html\">Enlace a la inscripci\u00f3n del Cinef\u00f3rum<\/a><\/p>\n<p><a href=\"https:\/\/cultura.umh.es\/files\/2025\/11\/UnTipoGenial_cartelweb.jpg\"><img loading=\"lazy\" class=\"alignnone size-medium wp-image-14917\" src=\"https:\/\/cultura.umh.es\/files\/2025\/11\/UnTipoGenial_cartelweb-212x300.jpg\" alt=\"Cartel de Un tipo genial\" width=\"212\" height=\"300\" srcset=\"https:\/\/cultura.umh.es\/files\/2025\/11\/UnTipoGenial_cartelweb-212x300.jpg 212w, https:\/\/cultura.umh.es\/files\/2025\/11\/UnTipoGenial_cartelweb-724x1024.jpg 724w, https:\/\/cultura.umh.es\/files\/2025\/11\/UnTipoGenial_cartelweb-768x1086.jpg 768w, https:\/\/cultura.umh.es\/files\/2025\/11\/UnTipoGenial_cartelweb-1086x1536.jpg 1086w, https:\/\/cultura.umh.es\/files\/2025\/11\/UnTipoGenial_cartelweb.jpg 1240w\" sizes=\"(max-width: 212px) 100vw, 212px\" \/><\/a><\/p>","protected":false},"excerpt":{"rendered":"<p>Proyecci\u00f3n de la pel\u00edcula Un tipo genial de Bill Forsyth, dentro del ciclo Cinef\u00f3rum Orihuela, del Club Cine UMH, seguida de un debate y coloquio a cargo del profesor Jos\u00e9 Antonio F\u00e9rez Rubio. Jueves 13 de noviembre a las 18.00 horas, en la Sala de Grados del edificio Tudemir, campus de Orihuela &#8211; Desamparados. La [&#8230;]<\/p>\n","protected":false},"author":2954,"featured_media":0,"comment_status":"closed","ping_status":"closed","sticky":false,"template":"","format":"standard","meta":{"ngg_post_thumbnail":0,"_links_to":"","_links_to_target":""},"categories":[144,694],"tags":[69320],"_links":{"self":[{"href":"https:\/\/cultura.umh.es\/es\/wp-json\/wp\/v2\/posts\/14915"}],"collection":[{"href":"https:\/\/cultura.umh.es\/es\/wp-json\/wp\/v2\/posts"}],"about":[{"href":"https:\/\/cultura.umh.es\/es\/wp-json\/wp\/v2\/types\/post"}],"author":[{"embeddable":true,"href":"https:\/\/cultura.umh.es\/es\/wp-json\/wp\/v2\/users\/2954"}],"replies":[{"embeddable":true,"href":"https:\/\/cultura.umh.es\/es\/wp-json\/wp\/v2\/comments?post=14915"}],"version-history":[{"count":0,"href":"https:\/\/cultura.umh.es\/es\/wp-json\/wp\/v2\/posts\/14915\/revisions"}],"wp:attachment":[{"href":"https:\/\/cultura.umh.es\/es\/wp-json\/wp\/v2\/media?parent=14915"}],"wp:term":[{"taxonomy":"category","embeddable":true,"href":"https:\/\/cultura.umh.es\/es\/wp-json\/wp\/v2\/categories?post=14915"},{"taxonomy":"post_tag","embeddable":true,"href":"https:\/\/cultura.umh.es\/es\/wp-json\/wp\/v2\/tags?post=14915"}],"curies":[{"name":"wp","href":"https:\/\/api.w.org\/{rel}","templated":true}]}}