{"id":14891,"date":"2025-10-31T12:33:27","date_gmt":"2025-10-31T11:33:27","guid":{"rendered":"https:\/\/cultura.umh.es\/?p=14891"},"modified":"2025-11-07T11:54:45","modified_gmt":"2025-11-07T10:54:45","slug":"exposicio-viure-la-mirada-3","status":"publish","type":"post","link":"https:\/\/cultura.umh.es\/es\/2025\/10\/31\/exposicio-viure-la-mirada-3\/","title":{"rendered":"Exposici\u00f3n \u00abViure la mirada\u00bb"},"content":{"rendered":"<p><a href=\"https:\/\/cultura.umh.es\/files\/2025\/10\/Viure-la-mirada_banner-02.jpg\"><img loading=\"lazy\" class=\"alignnone size-medium wp-image-14894\" src=\"https:\/\/cultura.umh.es\/files\/2025\/10\/Viure-la-mirada_banner-02-300x225.jpg\" alt=\"B\u00e0ner de Viure la mirada\" width=\"300\" height=\"225\" srcset=\"https:\/\/cultura.umh.es\/files\/2025\/10\/Viure-la-mirada_banner-02-300x225.jpg 300w, https:\/\/cultura.umh.es\/files\/2025\/10\/Viure-la-mirada_banner-02-1024x768.jpg 1024w, https:\/\/cultura.umh.es\/files\/2025\/10\/Viure-la-mirada_banner-02-768x576.jpg 768w, https:\/\/cultura.umh.es\/files\/2025\/10\/Viure-la-mirada_banner-02-1536x1152.jpg 1536w, https:\/\/cultura.umh.es\/files\/2025\/10\/Viure-la-mirada_banner-02-2048x1536.jpg 2048w\" sizes=\"(max-width: 300px) 100vw, 300px\" \/><\/a><\/p>\n<p><em>Viure la mirada<\/em> es un proyecto educativo y art\u00edstico, que llega a su 17\u00aa edici\u00f3n, donde alumnado de diferentes escuelas de la provincia y alrededores realizan actividades immersivas a trav\u00e9s del arte donde desarrollan sus habilidades art\u00edsticas y creativas finalizando en una exposici\u00f3n de arte infantil para todos los p\u00fablicos.<\/p>\n<p>La inauguraci\u00f3n ser\u00e1 el jueves 6 de noviembre 2025 a las 18.00 horas en sala ECO del vest\u00edbulo del edificio Altabix, campus de Elche.<\/p>\n<p>La exposici\u00f3n permanecer\u00e1 abierta hasta el 28 de noviembre.<\/p>\n<p><a href=\"https:\/\/cultura.umh.es\/files\/2025\/10\/Viure-la-mirada_cartellweb.jpg\"><img loading=\"lazy\" class=\"alignnone size-medium wp-image-14897\" src=\"https:\/\/cultura.umh.es\/files\/2025\/10\/Viure-la-mirada_cartellweb-214x300.jpg\" alt=\"Cartell de Viure la mirada\" width=\"214\" height=\"300\" srcset=\"https:\/\/cultura.umh.es\/files\/2025\/10\/Viure-la-mirada_cartellweb-214x300.jpg 214w, https:\/\/cultura.umh.es\/files\/2025\/10\/Viure-la-mirada_cartellweb-730x1024.jpg 730w, https:\/\/cultura.umh.es\/files\/2025\/10\/Viure-la-mirada_cartellweb-768x1078.jpg 768w, https:\/\/cultura.umh.es\/files\/2025\/10\/Viure-la-mirada_cartellweb-1095x1536.jpg 1095w, https:\/\/cultura.umh.es\/files\/2025\/10\/Viure-la-mirada_cartellweb.jpg 1240w\" sizes=\"(max-width: 214px) 100vw, 214px\" \/><\/a><\/p>","protected":false},"excerpt":{"rendered":"<p>Viure la mirada es un proyecto educativo y art\u00edstico, que llega a su 17\u00aa edici\u00f3n, donde alumnado de diferentes escuelas de la provincia y alrededores realizan actividades immersivas a trav\u00e9s del arte donde desarrollan sus habilidades art\u00edsticas y creativas finalizando en una exposici\u00f3n de arte infantil para todos los p\u00fablicos.<br \/>\nLa inauguraci\u00f3n ser\u00e1 el jueves 6 [&#8230;]<\/p>\n","protected":false},"author":2954,"featured_media":0,"comment_status":"closed","ping_status":"closed","sticky":false,"template":"","format":"standard","meta":{"ngg_post_thumbnail":0,"_links_to":"","_links_to_target":""},"categories":[55516,694],"tags":[363921],"_links":{"self":[{"href":"https:\/\/cultura.umh.es\/es\/wp-json\/wp\/v2\/posts\/14891"}],"collection":[{"href":"https:\/\/cultura.umh.es\/es\/wp-json\/wp\/v2\/posts"}],"about":[{"href":"https:\/\/cultura.umh.es\/es\/wp-json\/wp\/v2\/types\/post"}],"author":[{"embeddable":true,"href":"https:\/\/cultura.umh.es\/es\/wp-json\/wp\/v2\/users\/2954"}],"replies":[{"embeddable":true,"href":"https:\/\/cultura.umh.es\/es\/wp-json\/wp\/v2\/comments?post=14891"}],"version-history":[{"count":0,"href":"https:\/\/cultura.umh.es\/es\/wp-json\/wp\/v2\/posts\/14891\/revisions"}],"wp:attachment":[{"href":"https:\/\/cultura.umh.es\/es\/wp-json\/wp\/v2\/media?parent=14891"}],"wp:term":[{"taxonomy":"category","embeddable":true,"href":"https:\/\/cultura.umh.es\/es\/wp-json\/wp\/v2\/categories?post=14891"},{"taxonomy":"post_tag","embeddable":true,"href":"https:\/\/cultura.umh.es\/es\/wp-json\/wp\/v2\/tags?post=14891"}],"curies":[{"name":"wp","href":"https:\/\/api.w.org\/{rel}","templated":true}]}}