{"id":14878,"date":"2025-10-23T14:52:35","date_gmt":"2025-10-23T12:52:35","guid":{"rendered":"https:\/\/cultura.umh.es\/?p=14878"},"modified":"2025-10-27T15:03:13","modified_gmt":"2025-10-27T14:03:13","slug":"convocatoria-premis-precrea-2025","status":"publish","type":"post","link":"https:\/\/cultura.umh.es\/es\/2025\/10\/23\/convocatoria-premis-precrea-2025\/","title":{"rendered":"Convocatoria Premios PRECREA 2025"},"content":{"rendered":"<p><a href=\"https:\/\/cultura.umh.es\/files\/2024\/09\/Precrea_BanerCAS.png\"><img loading=\"lazy\" class=\"alignnone size-medium wp-image-13404\" src=\"https:\/\/cultura.umh.es\/files\/2024\/09\/Precrea_BanerCAS-300x194.png\" alt=\"B\u00e1ner de los Premios Precrea\" width=\"300\" height=\"194\" srcset=\"https:\/\/cultura.umh.es\/files\/2024\/09\/Precrea_BanerCAS-300x194.png 300w, https:\/\/cultura.umh.es\/files\/2024\/09\/Precrea_BanerCAS.png 400w\" sizes=\"(max-width: 300px) 100vw, 300px\" \/><\/a><\/p>\n<p>Resoluci\u00f3n Rectoral 02975, de 23 de octubre, por la que se convoca el Premio Juana Franc\u00e9s de Artes Pl\u00e1sticas y Visuales dentro de la VI Edici\u00f3n de los Premios a la Creaci\u00f3n de las Universidades P\u00fablicas Valencianas (PRECREA)<\/p>\n<p><a href=\"https:\/\/boumh.umh.es\/files\/2025\/10\/RR_02975_2025.pdf\" target=\"_blank\" rel=\"noopener\">Descargar convocatoria del Premio PRECREA UMH 2025 (BOUMH)<\/a><\/p>\n<p><a href=\"https:\/\/dogv.gva.es\/datos\/2025\/10\/27\/pdf\/2025_44236_es.pdf\" target=\"_blank\" rel=\"noopener\">Descargar convocatoria del Premio PRECREA UMH 2025 (DOGV)<\/a><\/p>","protected":false},"excerpt":{"rendered":"<p>Resoluci\u00f3n Rectoral 02975, de 23 de octubre, por la que se convoca el Premio Juana Franc\u00e9s de Artes Pl\u00e1sticas y Visuales dentro de la VI Edici\u00f3n de los Premios a la Creaci\u00f3n de las Universidades P\u00fablicas Valencianas (PRECREA)<br \/>\nDescargar convocatoria del Premio PRECREA UMH 2025 (BOUMH)<br \/>\nDescargar convocatoria del Premio PRECREA UMH 2025 (DOGV)<\/p>\n","protected":false},"author":2954,"featured_media":0,"comment_status":"closed","ping_status":"closed","sticky":false,"template":"","format":"standard","meta":{"ngg_post_thumbnail":0,"_links_to":"","_links_to_target":""},"categories":[567],"tags":[363922],"_links":{"self":[{"href":"https:\/\/cultura.umh.es\/es\/wp-json\/wp\/v2\/posts\/14878"}],"collection":[{"href":"https:\/\/cultura.umh.es\/es\/wp-json\/wp\/v2\/posts"}],"about":[{"href":"https:\/\/cultura.umh.es\/es\/wp-json\/wp\/v2\/types\/post"}],"author":[{"embeddable":true,"href":"https:\/\/cultura.umh.es\/es\/wp-json\/wp\/v2\/users\/2954"}],"replies":[{"embeddable":true,"href":"https:\/\/cultura.umh.es\/es\/wp-json\/wp\/v2\/comments?post=14878"}],"version-history":[{"count":0,"href":"https:\/\/cultura.umh.es\/es\/wp-json\/wp\/v2\/posts\/14878\/revisions"}],"wp:attachment":[{"href":"https:\/\/cultura.umh.es\/es\/wp-json\/wp\/v2\/media?parent=14878"}],"wp:term":[{"taxonomy":"category","embeddable":true,"href":"https:\/\/cultura.umh.es\/es\/wp-json\/wp\/v2\/categories?post=14878"},{"taxonomy":"post_tag","embeddable":true,"href":"https:\/\/cultura.umh.es\/es\/wp-json\/wp\/v2\/tags?post=14878"}],"curies":[{"name":"wp","href":"https:\/\/api.w.org\/{rel}","templated":true}]}}