{"id":14855,"date":"2025-10-22T18:11:21","date_gmt":"2025-10-22T16:11:21","guid":{"rendered":"https:\/\/cultura.umh.es\/?p=14855"},"modified":"2025-10-23T12:35:27","modified_gmt":"2025-10-23T10:35:27","slug":"concert-paseando-entre-canciones","status":"publish","type":"post","link":"https:\/\/cultura.umh.es\/es\/2025\/10\/22\/concert-paseando-entre-canciones\/","title":{"rendered":"Concierto \u00abPaseando entre canciones\u00bb"},"content":{"rendered":"<p><a href=\"https:\/\/cultura.umh.es\/files\/2025\/10\/Paseando-entre-canciones_baner.jpg\"><img loading=\"lazy\" class=\"alignnone size-medium wp-image-14858\" src=\"https:\/\/cultura.umh.es\/files\/2025\/10\/Paseando-entre-canciones_baner-300x225.jpg\" alt=\"Banner de Paseando entre canciones\" width=\"300\" height=\"225\" srcset=\"https:\/\/cultura.umh.es\/files\/2025\/10\/Paseando-entre-canciones_baner-300x225.jpg 300w, https:\/\/cultura.umh.es\/files\/2025\/10\/Paseando-entre-canciones_baner-1024x768.jpg 1024w, https:\/\/cultura.umh.es\/files\/2025\/10\/Paseando-entre-canciones_baner-768x576.jpg 768w, https:\/\/cultura.umh.es\/files\/2025\/10\/Paseando-entre-canciones_baner-1536x1152.jpg 1536w, https:\/\/cultura.umh.es\/files\/2025\/10\/Paseando-entre-canciones_baner-2048x1536.jpg 2048w\" sizes=\"(max-width: 300px) 100vw, 300px\" \/><\/a><\/p>\n<p><strong>El Vicerrectorado de Cultura, Igualdad y Diversidad de la Universidad Miguel Hern\u00e1ndez, con la colaboraci\u00f3n del Ayuntamiento de Orihuela y dentro del programa <em>Di\u00e1logos Culturales Orihuela-UMH<\/em>, organizan el concierto <em>Paseando entre canciones<\/em>, a cargo de Mar\u00eda Sabater, el pr\u00f3ximo jueves 30 de octubre 2025, a las 20.00 horas, en el Auditorio La Lonja de Orihuela.<\/strong><\/p>\n<p>El pr\u00f3ximo jueves 30 de octubre, a las 20:00 horas, la cantante oriolana Mar\u00eda Sabater realizar\u00e1 un concierto en el Auditorio de La Lonja de Orihuela titulado <em>Paseando entre canciones<\/em>.<\/p>\n<p>Mar\u00eda Sabater es una cantante con una voz dulce y llena de sensibilidad. Sus canciones y versiones abarcan diversos estilos: desde la balada al rock, pasando por el pop, el bolero, la rumba y la canci\u00f3n de autor.<\/p>\n<p><em>Paseando entre canciones<\/em> es un recorrido por sus mejores y \u00faltimas canciones como cantautora: <em>Mi poes\u00eda<\/em>, <em>Canto<\/em>, <em>M\u00edo<\/em>, <em>Gracias Madre<\/em>. Adem\u00e1s har\u00e1 una versi\u00f3n del <em>Para la Libertad<\/em> de Miguel Hern\u00e1ndez y Serrat y presentar\u00e1 en directo y en primicia para las personas asistentes su \u00faltima canci\u00f3n producida: <em>Mi Grieta<\/em>, que se lanza en todas las plataformas digitales justo al d\u00eda siguiente, el 31 de octubre. Por \u00faltimo, Manuel Sabater, su padre, recitar\u00e1 el poema que le hizo a Miguel Hern\u00e1ndez.<\/p>\n<p>Entrada libre hasta completar aforo.<\/p>\n<p><a href=\"https:\/\/cultura.umh.es\/files\/2025\/10\/Paseando-entre-canciones2_cartelCASweb.jpg\"><img loading=\"lazy\" class=\"alignnone size-medium wp-image-14861\" src=\"https:\/\/cultura.umh.es\/files\/2025\/10\/Paseando-entre-canciones2_cartelCASweb-212x300.jpg\" alt=\"Cartel de Paseando entre canciones\" width=\"212\" height=\"300\" srcset=\"https:\/\/cultura.umh.es\/files\/2025\/10\/Paseando-entre-canciones2_cartelCASweb-212x300.jpg 212w, https:\/\/cultura.umh.es\/files\/2025\/10\/Paseando-entre-canciones2_cartelCASweb-724x1024.jpg 724w, https:\/\/cultura.umh.es\/files\/2025\/10\/Paseando-entre-canciones2_cartelCASweb-768x1086.jpg 768w, https:\/\/cultura.umh.es\/files\/2025\/10\/Paseando-entre-canciones2_cartelCASweb-1086x1536.jpg 1086w, https:\/\/cultura.umh.es\/files\/2025\/10\/Paseando-entre-canciones2_cartelCASweb.jpg 1240w\" sizes=\"(max-width: 212px) 100vw, 212px\" \/><\/a><\/p>","protected":false},"excerpt":{"rendered":"<p>El Vicerrectorado de Cultura, Igualdad y Diversidad de la Universidad Miguel Hern\u00e1ndez, con la colaboraci\u00f3n del Ayuntamiento de Orihuela y dentro del programa Di\u00e1logos Culturales Orihuela-UMH, organizan el concierto Paseando entre canciones, a cargo de Mar\u00eda Sabater, el pr\u00f3ximo jueves 30 de octubre 2025, a las 20.00 horas, en el Auditorio La Lonja de Orihuela.<br \/>\nEl [&#8230;]<\/p>\n","protected":false},"author":2954,"featured_media":0,"comment_status":"closed","ping_status":"closed","sticky":false,"template":"","format":"standard","meta":{"ngg_post_thumbnail":0,"_links_to":"","_links_to_target":""},"categories":[55515,694],"tags":[1056487,1056484],"_links":{"self":[{"href":"https:\/\/cultura.umh.es\/es\/wp-json\/wp\/v2\/posts\/14855"}],"collection":[{"href":"https:\/\/cultura.umh.es\/es\/wp-json\/wp\/v2\/posts"}],"about":[{"href":"https:\/\/cultura.umh.es\/es\/wp-json\/wp\/v2\/types\/post"}],"author":[{"embeddable":true,"href":"https:\/\/cultura.umh.es\/es\/wp-json\/wp\/v2\/users\/2954"}],"replies":[{"embeddable":true,"href":"https:\/\/cultura.umh.es\/es\/wp-json\/wp\/v2\/comments?post=14855"}],"version-history":[{"count":0,"href":"https:\/\/cultura.umh.es\/es\/wp-json\/wp\/v2\/posts\/14855\/revisions"}],"wp:attachment":[{"href":"https:\/\/cultura.umh.es\/es\/wp-json\/wp\/v2\/media?parent=14855"}],"wp:term":[{"taxonomy":"category","embeddable":true,"href":"https:\/\/cultura.umh.es\/es\/wp-json\/wp\/v2\/categories?post=14855"},{"taxonomy":"post_tag","embeddable":true,"href":"https:\/\/cultura.umh.es\/es\/wp-json\/wp\/v2\/tags?post=14855"}],"curies":[{"name":"wp","href":"https:\/\/api.w.org\/{rel}","templated":true}]}}