{"id":14777,"date":"2025-10-16T16:59:53","date_gmt":"2025-10-16T14:59:53","guid":{"rendered":"https:\/\/cultura.umh.es\/?p=14777"},"modified":"2025-10-16T16:59:53","modified_gmt":"2025-10-16T14:59:53","slug":"xx-mostra-de-musica-en-valencia","status":"publish","type":"post","link":"https:\/\/cultura.umh.es\/es\/2025\/10\/16\/xx-mostra-de-musica-en-valencia\/","title":{"rendered":"XX Mostra de M\u00fasica en Valenci\u00e0"},"content":{"rendered":"<p><a href=\"https:\/\/cultura.umh.es\/files\/2025\/10\/XIX_MostraMusicaValencia_baner.jpg\"><img loading=\"lazy\" class=\"alignnone size-medium wp-image-14783\" src=\"https:\/\/cultura.umh.es\/files\/2025\/10\/XIX_MostraMusicaValencia_baner-300x225.jpg\" alt=\"B\u00e0ner de la Mostra de m\u00fasica en valenci\u00e0\" width=\"300\" height=\"225\" srcset=\"https:\/\/cultura.umh.es\/files\/2025\/10\/XIX_MostraMusicaValencia_baner-300x225.jpg 300w, https:\/\/cultura.umh.es\/files\/2025\/10\/XIX_MostraMusicaValencia_baner-1024x768.jpg 1024w, https:\/\/cultura.umh.es\/files\/2025\/10\/XIX_MostraMusicaValencia_baner-768x576.jpg 768w, https:\/\/cultura.umh.es\/files\/2025\/10\/XIX_MostraMusicaValencia_baner-1536x1152.jpg 1536w, https:\/\/cultura.umh.es\/files\/2025\/10\/XIX_MostraMusicaValencia_baner-2048x1536.jpg 2048w\" sizes=\"(max-width: 300px) 100vw, 300px\" \/><\/a><\/p>\n<p><strong>El Vicerrectorado de Cultura, Igualdad y Diversidad organiza la <em>XX Mostra de M\u00fasica en Valenci\u00e0<\/em>. El pr\u00f3ximo jueves d\u00eda 23 de octubre, a las 19:30 horas, en la Cinemateca del edificio La Valona del campus de Elche.<\/strong><\/p>\n<p>C\u00f3mo acontece a\u00f1o tras a\u00f1o, la <em>Mostra de M\u00fasica en Valenci\u00e0<\/em> de la UMH despliega sus sinton\u00edas este a\u00f1o en forma de indie pop, m\u00fasica electr\u00f3nica, canciones \u00edntimas, <em>cant de batre<\/em>, poes\u00eda mel\u00f3dica, y lo har\u00e1 a la Cinemateca del edificio La Valona del campus de Elche a partir de las 19.30 horas el jueves 23 de octubre dentro del marco de las <a href=\"https:\/\/cultura.umh.es\/es\/2025\/09\/23\/espanol-actividades-de-bienvenida-umh-octubre-2025\/\"><em>Actividades de Bienvenida UMH<\/em><\/a> para el curso acad\u00e9mico 2025-2026.<\/p>\n<p>Tres son los espect\u00e1culos que tendr\u00e1n lugar en esta edici\u00f3n de la Muestra. En primer lugar, la voz y la guitarra del artista Kela, cantautora y m\u00fasica de Pego, que empez\u00f3 a mostrar la suya vertiente de cantante al 2015, tiene un estilo indie pop y ha recibido el reconocimiento del Premio Ovidi Montllor a Artista Revelaci\u00f3n. A continuaci\u00f3n disfrutaremos de Batre, un d\u00fao que explora, en cada espect\u00e1culo, el juego entre la m\u00fasica y el decir, la guitarra y el cantar, el ritmo de las palabras con el caer del contrabajo, la vida a trav\u00e9s de la palabra y de la m\u00fasica.<\/p>\n<p>Y para completar el concierto, Pepa Cases, una artista multidisciplinar y consagrada, actriz, bailarina, core\u00f3grafa, cantautora, monologuista, presentadora de televisi\u00f3n, docente, gestora cultural y en definitiva una artista inagotable, que viene a regalarnos su talento y su fuerza musical.<\/p>\n<p>As\u00ed que tanto si te apetece desconectar de tu rutina moment\u00e1neamente como si sencillamente est\u00e1s al caso de la agenda cultural universitaria, p\u00e1sate \u2014sea a solas o acompa\u00f1ado\u2014 y siendo lo desbaratador de todo estr\u00e9s ech\u00e1ndote a volar con las melod\u00edas m\u00e1s c\u00e1lidas de la actualidad musical, sensaciones que har\u00e1n que coges con m\u00e1s entusiasmo tus tareas cotidianas. Vamos, el convoy te espera en primera persona.<\/p>\n<p>La entrada es libre hasta completar aforo.<br \/>\nEl acceso en la sala se abrir\u00e1 una hora antes del comienzo del espect\u00e1culo.<\/p>\n<p><a href=\"https:\/\/cultura.umh.es\/files\/2025\/10\/XIX_MostraMusicaValencia_cartelweb.jpg\"><img loading=\"lazy\" class=\"alignnone size-medium wp-image-14786\" src=\"https:\/\/cultura.umh.es\/files\/2025\/10\/XIX_MostraMusicaValencia_cartelweb-212x300.jpg\" alt=\"Cartell de la Mostra de m\u00fasica en valenci\u00e0\" width=\"212\" height=\"300\" srcset=\"https:\/\/cultura.umh.es\/files\/2025\/10\/XIX_MostraMusicaValencia_cartelweb-212x300.jpg 212w, https:\/\/cultura.umh.es\/files\/2025\/10\/XIX_MostraMusicaValencia_cartelweb-724x1024.jpg 724w, https:\/\/cultura.umh.es\/files\/2025\/10\/XIX_MostraMusicaValencia_cartelweb-768x1086.jpg 768w, https:\/\/cultura.umh.es\/files\/2025\/10\/XIX_MostraMusicaValencia_cartelweb-1086x1536.jpg 1086w, https:\/\/cultura.umh.es\/files\/2025\/10\/XIX_MostraMusicaValencia_cartelweb.jpg 1240w\" sizes=\"(max-width: 212px) 100vw, 212px\" \/><\/a><\/p>","protected":false},"excerpt":{"rendered":"<p>El Vicerrectorado de Cultura, Igualdad y Diversidad organiza la XX Mostra de M\u00fasica en Valenci\u00e0. El pr\u00f3ximo jueves d\u00eda 23 de octubre, a las 19:30 horas, en la Cinemateca del edificio La Valona del campus de Elche.<br \/>\nC\u00f3mo acontece a\u00f1o tras a\u00f1o, la Mostra de M\u00fasica en Valenci\u00e0 de la UMH despliega sus sinton\u00edas este a\u00f1o [&#8230;]<\/p>\n","protected":false},"author":2954,"featured_media":0,"comment_status":"closed","ping_status":"closed","sticky":false,"template":"","format":"standard","meta":{"ngg_post_thumbnail":0,"_links_to":"","_links_to_target":""},"categories":[143,694],"tags":[363956],"_links":{"self":[{"href":"https:\/\/cultura.umh.es\/es\/wp-json\/wp\/v2\/posts\/14777"}],"collection":[{"href":"https:\/\/cultura.umh.es\/es\/wp-json\/wp\/v2\/posts"}],"about":[{"href":"https:\/\/cultura.umh.es\/es\/wp-json\/wp\/v2\/types\/post"}],"author":[{"embeddable":true,"href":"https:\/\/cultura.umh.es\/es\/wp-json\/wp\/v2\/users\/2954"}],"replies":[{"embeddable":true,"href":"https:\/\/cultura.umh.es\/es\/wp-json\/wp\/v2\/comments?post=14777"}],"version-history":[{"count":0,"href":"https:\/\/cultura.umh.es\/es\/wp-json\/wp\/v2\/posts\/14777\/revisions"}],"wp:attachment":[{"href":"https:\/\/cultura.umh.es\/es\/wp-json\/wp\/v2\/media?parent=14777"}],"wp:term":[{"taxonomy":"category","embeddable":true,"href":"https:\/\/cultura.umh.es\/es\/wp-json\/wp\/v2\/categories?post=14777"},{"taxonomy":"post_tag","embeddable":true,"href":"https:\/\/cultura.umh.es\/es\/wp-json\/wp\/v2\/tags?post=14777"}],"curies":[{"name":"wp","href":"https:\/\/api.w.org\/{rel}","templated":true}]}}