{"id":14692,"date":"2025-09-30T15:09:12","date_gmt":"2025-09-30T13:09:12","guid":{"rendered":"https:\/\/cultura.umh.es\/?p=14692"},"modified":"2025-09-30T15:09:30","modified_gmt":"2025-09-30T13:09:30","slug":"espanol-propuesta-de-concesion-provisional-del-xxii-concurso-de-grupos-de-musica-de-la-umh-2025","status":"publish","type":"post","link":"https:\/\/cultura.umh.es\/es\/2025\/09\/30\/espanol-propuesta-de-concesion-provisional-del-xxii-concurso-de-grupos-de-musica-de-la-umh-2025\/","title":{"rendered":"Propuesta de concesi\u00f3n provisional del XXII Concurso de Grupos de M\u00fasica de la UMH 2025"},"content":{"rendered":"<p><a href=\"https:\/\/cultura.umh.es\/files\/2023\/06\/ConcursoGruposdeMusica_bannerCAS.jpg\"><img loading=\"lazy\" class=\"alignnone size-medium wp-image-12395\" src=\"https:\/\/cultura.umh.es\/files\/2023\/06\/ConcursoGruposdeMusica_bannerCAS-300x183.jpg\" alt=\"Banner del Concurso de Grupos de M\u00fasica de la UMH\" width=\"300\" height=\"183\" srcset=\"https:\/\/cultura.umh.es\/files\/2023\/06\/ConcursoGruposdeMusica_bannerCAS-300x183.jpg 300w, https:\/\/cultura.umh.es\/files\/2023\/06\/ConcursoGruposdeMusica_bannerCAS.jpg 369w\" sizes=\"(max-width: 300px) 100vw, 300px\" \/><\/a><\/p>\n<p><a href=\"https:\/\/boumh.umh.es\/files\/2025\/09\/ES_U05500001_2025_DOCH-0000000000000000000327715.pdf\">Descargar propuesta de concesi\u00f3n provisional del XXII Concurso de Grupos de M\u00fasica de la UMH 2025 (PDF)<\/a><\/p>\n<p>Se concede a las personas interesadas un plazo de 10 d\u00edas h\u00e1biles, contados a partir del d\u00eda siguiente a la publicaci\u00f3n de la presente, para la presentaci\u00f3n de posibles alegaciones.<\/p>\n<p>Fecha de publicaci\u00f3n: 30\/09\/2025<br \/>\nInicio del plazo:01\/10\/2025<br \/>\nFin del plazo:15\/10\/2025<\/p>\n<p><a href=\"https:\/\/cultura.umh.es\/es\/convocatorias\/umh-fest\/\">Ir a la p\u00e1gina del Concurso de grupos de m\u00fasica de la UMH<\/a><\/p>","protected":false},"excerpt":{"rendered":"<p>Descargar propuesta de concesi\u00f3n provisional del XXII Concurso de Grupos de M\u00fasica de la UMH 2025 (PDF)<br \/>\nSe concede a las personas interesadas un plazo de 10 d\u00edas h\u00e1biles, contados a partir del d\u00eda siguiente a la publicaci\u00f3n de la presente, para la presentaci\u00f3n de posibles alegaciones.<br \/>\nFecha de publicaci\u00f3n: 30\/09\/2025<br \/>\nInicio del plazo:01\/10\/2025<br \/>\nFin del plazo:15\/10\/2025<br \/>\nIr a la [&#8230;]<\/p>\n","protected":false},"author":2954,"featured_media":0,"comment_status":"closed","ping_status":"closed","sticky":false,"template":"","format":"standard","meta":{"ngg_post_thumbnail":0,"_links_to":"","_links_to_target":""},"categories":[567],"tags":[363953,363950],"_links":{"self":[{"href":"https:\/\/cultura.umh.es\/es\/wp-json\/wp\/v2\/posts\/14692"}],"collection":[{"href":"https:\/\/cultura.umh.es\/es\/wp-json\/wp\/v2\/posts"}],"about":[{"href":"https:\/\/cultura.umh.es\/es\/wp-json\/wp\/v2\/types\/post"}],"author":[{"embeddable":true,"href":"https:\/\/cultura.umh.es\/es\/wp-json\/wp\/v2\/users\/2954"}],"replies":[{"embeddable":true,"href":"https:\/\/cultura.umh.es\/es\/wp-json\/wp\/v2\/comments?post=14692"}],"version-history":[{"count":0,"href":"https:\/\/cultura.umh.es\/es\/wp-json\/wp\/v2\/posts\/14692\/revisions"}],"wp:attachment":[{"href":"https:\/\/cultura.umh.es\/es\/wp-json\/wp\/v2\/media?parent=14692"}],"wp:term":[{"taxonomy":"category","embeddable":true,"href":"https:\/\/cultura.umh.es\/es\/wp-json\/wp\/v2\/categories?post=14692"},{"taxonomy":"post_tag","embeddable":true,"href":"https:\/\/cultura.umh.es\/es\/wp-json\/wp\/v2\/tags?post=14692"}],"curies":[{"name":"wp","href":"https:\/\/api.w.org\/{rel}","templated":true}]}}