{"id":14605,"date":"2025-07-25T14:11:30","date_gmt":"2025-07-25T12:11:30","guid":{"rendered":"https:\/\/cultura.umh.es\/?p=14605"},"modified":"2025-07-25T14:11:30","modified_gmt":"2025-07-25T12:11:30","slug":"llista-provisional-de-sol%c2%b7licituds-admeses-i-excloses-a-tramit-de-la-convocatoria-del-xxii-concurs-de-grups-de-musica-umh-2025","status":"publish","type":"post","link":"https:\/\/cultura.umh.es\/es\/2025\/07\/25\/llista-provisional-de-sol%c2%b7licituds-admeses-i-excloses-a-tramit-de-la-convocatoria-del-xxii-concurs-de-grups-de-musica-umh-2025\/","title":{"rendered":"Lista provisional de solicitudes admitidas y excluidas a tr\u00e1mite de la convocatoria del XXII Concurso de Grupos de M\u00fasica UMH 2025"},"content":{"rendered":"<p><a href=\"https:\/\/cultura.umh.es\/files\/2023\/06\/ConcursoGruposdeMusica_bannerCAS.jpg\"><img loading=\"lazy\" class=\"alignnone size-medium wp-image-12395\" src=\"https:\/\/cultura.umh.es\/files\/2023\/06\/ConcursoGruposdeMusica_bannerCAS-300x183.jpg\" alt=\"Banner del Concurso de Grupos de M\u00fasica de la UMH\" width=\"300\" height=\"183\" srcset=\"https:\/\/cultura.umh.es\/files\/2023\/06\/ConcursoGruposdeMusica_bannerCAS-300x183.jpg 300w, https:\/\/cultura.umh.es\/files\/2023\/06\/ConcursoGruposdeMusica_bannerCAS.jpg 369w\" sizes=\"(max-width: 300px) 100vw, 300px\" \/><\/a><\/p>\n<p><a href=\"https:\/\/boumh.umh.es\/files\/2025\/07\/ES_U05500001_2025_DOCH-0000000000000000000259340.pdf\">Descargar lista provisional de solicitudes admitidas y excluidas a tr\u00e1mite de la convocatoria del XXII Concurso de Grupos de M\u00fasica UMH 2025 (BOUMH)<\/a><\/p>\n<p>Plazo para la presentaci\u00f3n de subsanaciones: 10 d\u00edas h\u00e1biles a contar a partir del d\u00eda siguiente a la publicaci\u00f3n de la presente, para la subsanaci\u00f3n de errores o la aportaci\u00f3n de la documentaci\u00f3n requerida:<\/p>\n<p>Fecha de publicaci\u00f3n: 25\/07\/2025<br \/>\nInicio del plazo: 28\/07\/2025<br \/>\nFin del plazo: 08\/09\/2025<\/p>\n<p>Agosto es inh\u00e1bil en la Universidad Miguel Hern\u00e1ndez por RESOLUCI\u00d3N de 19 de noviembre de 2024, por la cual se declara inh\u00e1bil el mes de agosto de 2025.<\/p>\n<p><a href=\"https:\/\/cultura.umh.es\/es\/convocatorias\/umh-fest\/\">Ir a la p\u00e1gina del Concurso de Grupos de M\u00fasica de la UMH<\/a><\/p>","protected":false},"excerpt":{"rendered":"<p>Descargar lista provisional de solicitudes admitidas y excluidas a tr\u00e1mite de la convocatoria del XXII Concurso de Grupos de M\u00fasica UMH 2025 (BOUMH)<br \/>\nPlazo para la presentaci\u00f3n de subsanaciones: 10 d\u00edas h\u00e1biles a contar a partir del d\u00eda siguiente a la publicaci\u00f3n de la presente, para la subsanaci\u00f3n de errores o la aportaci\u00f3n de la documentaci\u00f3n [&#8230;]<\/p>\n","protected":false},"author":2954,"featured_media":0,"comment_status":"closed","ping_status":"closed","sticky":false,"template":"","format":"standard","meta":{"ngg_post_thumbnail":0,"_links_to":"","_links_to_target":""},"categories":[567],"tags":[363953,363950],"_links":{"self":[{"href":"https:\/\/cultura.umh.es\/es\/wp-json\/wp\/v2\/posts\/14605"}],"collection":[{"href":"https:\/\/cultura.umh.es\/es\/wp-json\/wp\/v2\/posts"}],"about":[{"href":"https:\/\/cultura.umh.es\/es\/wp-json\/wp\/v2\/types\/post"}],"author":[{"embeddable":true,"href":"https:\/\/cultura.umh.es\/es\/wp-json\/wp\/v2\/users\/2954"}],"replies":[{"embeddable":true,"href":"https:\/\/cultura.umh.es\/es\/wp-json\/wp\/v2\/comments?post=14605"}],"version-history":[{"count":0,"href":"https:\/\/cultura.umh.es\/es\/wp-json\/wp\/v2\/posts\/14605\/revisions"}],"wp:attachment":[{"href":"https:\/\/cultura.umh.es\/es\/wp-json\/wp\/v2\/media?parent=14605"}],"wp:term":[{"taxonomy":"category","embeddable":true,"href":"https:\/\/cultura.umh.es\/es\/wp-json\/wp\/v2\/categories?post=14605"},{"taxonomy":"post_tag","embeddable":true,"href":"https:\/\/cultura.umh.es\/es\/wp-json\/wp\/v2\/tags?post=14605"}],"curies":[{"name":"wp","href":"https:\/\/api.w.org\/{rel}","templated":true}]}}