{"id":14552,"date":"2025-06-30T11:12:16","date_gmt":"2025-06-30T09:12:16","guid":{"rendered":"https:\/\/cultura.umh.es\/?p=14552"},"modified":"2025-07-02T09:05:54","modified_gmt":"2025-07-02T07:05:54","slug":"la-fotografia-i-lestrategia-de-larxiu-publicacions-dartista","status":"publish","type":"post","link":"https:\/\/cultura.umh.es\/es\/2025\/06\/30\/la-fotografia-i-lestrategia-de-larxiu-publicacions-dartista\/","title":{"rendered":"La fotograf\u00eda y la estrategia del Archivo. Publicaciones de artista."},"content":{"rendered":"<p><a href=\"https:\/\/cultura.umh.es\/files\/2025\/06\/Archivo_bannerCAS.jpg\"><img loading=\"lazy\" class=\"alignnone size-medium wp-image-14558\" src=\"https:\/\/cultura.umh.es\/files\/2025\/06\/Archivo_bannerCAS-300x183.jpg\" alt=\"Banner de La fotograf\u00eda y la estrategia del archivo\" width=\"300\" height=\"183\" srcset=\"https:\/\/cultura.umh.es\/files\/2025\/06\/Archivo_bannerCAS-300x183.jpg 300w, https:\/\/cultura.umh.es\/files\/2025\/06\/Archivo_bannerCAS-1024x625.jpg 1024w, https:\/\/cultura.umh.es\/files\/2025\/06\/Archivo_bannerCAS-768x468.jpg 768w, https:\/\/cultura.umh.es\/files\/2025\/06\/Archivo_bannerCAS-1536x937.jpg 1536w, https:\/\/cultura.umh.es\/files\/2025\/06\/Archivo_bannerCAS.jpg 1538w\" sizes=\"(max-width: 300px) 100vw, 300px\" \/><\/a><\/p>\n<p>La exposici\u00f3n <strong><em>La fotograf\u00eda y la estrategia del archivo. Publicaciones de artista<\/em><\/strong> ser\u00e1 inaugurada el viernes 4 de julio a las 19.30 horas en la Sala Negra del edificio La Valona en el campus de Elche, y permanecer\u00e1 hasta el 18 de noviembre de 2025.<\/p>\n<p>La utilizaci\u00f3n de la imagen fotogr\u00e1fica y la conceptualizaci\u00f3n del archivo constituyen el marco fundamental de esta exposici\u00f3n que re\u00fane una selecci\u00f3n de Publicaciones de Artista pertenecientes a la colecci\u00f3n de la Universitat Polit\u00e8cnica de Val\u00e8ncia. Son numerosos los artistas que reflexionan sobre aspectos del pasado que se proyectan y representan en la cultura contempor\u00e1nea, este movimiento aparece casi simult\u00e1neamente en Europa, Estados Unidos y Jap\u00f3n, pero en contextos art\u00edsticos distintos.<\/p>\n<p>La obra y las publicaciones de estos artistas resulta complicada de calificar o situar en las corrientes art\u00edsticas de las d\u00e9cadas de los a\u00f1os sesenta y setenta del siglo xx. Entre los artistas conceptuales americanos como <strong>John Baldessari<\/strong> o <strong>Ed Ruscha<\/strong>, la fotograf\u00eda y el archivo son utilizados con criterios de organizaci\u00f3n repetitiva. En Alemania los precursores fueron <strong>Bernd &amp; Hilla Becher<\/strong>, que llevaron hasta sus \u00faltimas consecuencias el radicalismo cr\u00edtico y la objetividad, convirti\u00e9ndose en documentalistas de un momento hist\u00f3rico vinculado a la arqueolog\u00eda industrial. En Francia, <strong>Boltanski<\/strong> o <strong>Annette Messager<\/strong>, producen publicaciones que pueden ser entendidas como la reconstituci\u00f3n de la memoria. Pero, seg\u00fan <strong>Ryuichi Kaneko<\/strong>, es Jap\u00f3n el pa\u00eds que podr\u00eda considerarse fundamental en la producci\u00f3n de fotolibros, especialmente a partir de los a\u00f1os 1960, con autores como <strong>Nobuyoshi Araki<\/strong>, <strong>Shomei Tomatsu<\/strong>, <strong>Osamu Takizawa<\/strong>, <strong>Masahisa Fukase<\/strong> o <strong>Daido Moriyama<\/strong>.<\/p>\n<p>Comisario: <strong>Antonio Alcaraz<\/strong>. <strong>Universitat Polit\u00e8cnica de Val\u00e8ncia<\/strong><\/p>\n<p><a href=\"https:\/\/cultura.umh.es\/files\/2025\/06\/Archivo_cartelCASweb.jpg\"><img loading=\"lazy\" class=\"alignnone size-medium wp-image-14564\" src=\"https:\/\/cultura.umh.es\/files\/2025\/06\/Archivo_cartelCASweb-212x300.jpg\" alt=\"Cartel de La fotograf\u00eda y la estrategia del archivo\" width=\"212\" height=\"300\" srcset=\"https:\/\/cultura.umh.es\/files\/2025\/06\/Archivo_cartelCASweb-212x300.jpg 212w, https:\/\/cultura.umh.es\/files\/2025\/06\/Archivo_cartelCASweb-724x1024.jpg 724w, https:\/\/cultura.umh.es\/files\/2025\/06\/Archivo_cartelCASweb-768x1086.jpg 768w, https:\/\/cultura.umh.es\/files\/2025\/06\/Archivo_cartelCASweb-1086x1536.jpg 1086w, https:\/\/cultura.umh.es\/files\/2025\/06\/Archivo_cartelCASweb.jpg 1240w\" sizes=\"(max-width: 212px) 100vw, 212px\" \/><\/a><\/p>\n<p>&nbsp;<\/p>","protected":false},"excerpt":{"rendered":"<p>La exposici\u00f3n La fotograf\u00eda y la estrategia del archivo. Publicaciones de artista ser\u00e1 inaugurada el viernes 4 de julio a las 19.30 horas en la Sala Negra del edificio La Valona en el campus de Elche, y permanecer\u00e1 hasta el 18 de noviembre de 2025.<br \/>\nLa utilizaci\u00f3n de la imagen fotogr\u00e1fica y la conceptualizaci\u00f3n del archivo [&#8230;]<\/p>\n","protected":false},"author":2954,"featured_media":0,"comment_status":"closed","ping_status":"closed","sticky":false,"template":"","format":"standard","meta":{"ngg_post_thumbnail":0,"_links_to":"","_links_to_target":""},"categories":[55516,694],"tags":[1056507],"_links":{"self":[{"href":"https:\/\/cultura.umh.es\/es\/wp-json\/wp\/v2\/posts\/14552"}],"collection":[{"href":"https:\/\/cultura.umh.es\/es\/wp-json\/wp\/v2\/posts"}],"about":[{"href":"https:\/\/cultura.umh.es\/es\/wp-json\/wp\/v2\/types\/post"}],"author":[{"embeddable":true,"href":"https:\/\/cultura.umh.es\/es\/wp-json\/wp\/v2\/users\/2954"}],"replies":[{"embeddable":true,"href":"https:\/\/cultura.umh.es\/es\/wp-json\/wp\/v2\/comments?post=14552"}],"version-history":[{"count":0,"href":"https:\/\/cultura.umh.es\/es\/wp-json\/wp\/v2\/posts\/14552\/revisions"}],"wp:attachment":[{"href":"https:\/\/cultura.umh.es\/es\/wp-json\/wp\/v2\/media?parent=14552"}],"wp:term":[{"taxonomy":"category","embeddable":true,"href":"https:\/\/cultura.umh.es\/es\/wp-json\/wp\/v2\/categories?post=14552"},{"taxonomy":"post_tag","embeddable":true,"href":"https:\/\/cultura.umh.es\/es\/wp-json\/wp\/v2\/tags?post=14552"}],"curies":[{"name":"wp","href":"https:\/\/api.w.org\/{rel}","templated":true}]}}