{"id":14471,"date":"2025-06-04T12:02:06","date_gmt":"2025-06-04T10:02:06","guid":{"rendered":"https:\/\/cultura.umh.es\/?p=14471"},"modified":"2025-06-20T13:46:54","modified_gmt":"2025-06-20T11:46:54","slug":"miguel-hernandez-romantic","status":"publish","type":"post","link":"https:\/\/cultura.umh.es\/es\/2025\/06\/04\/miguel-hernandez-romantic\/","title":{"rendered":"Miguel Hern\u00e1ndez rom\u00e1ntico"},"content":{"rendered":"<p><a href=\"https:\/\/cultura.umh.es\/files\/2025\/06\/MiguelHernandez.png\"><img loading=\"lazy\" class=\"alignnone size-medium wp-image-14474\" src=\"https:\/\/cultura.umh.es\/files\/2025\/06\/MiguelHernandez-300x183.png\" alt=\"Foto para el concierto Miguel Hern\u00e1ndez rom\u00e1ntico\" width=\"300\" height=\"183\" srcset=\"https:\/\/cultura.umh.es\/files\/2025\/06\/MiguelHernandez-300x183.png 300w, https:\/\/cultura.umh.es\/files\/2025\/06\/MiguelHernandez.png 769w\" sizes=\"(max-width: 300px) 100vw, 300px\" \/><\/a><\/p>\n<p><strong>El Vicerrectorado de Cultura, Igualdad y Diversidad organiza un encuentro \u00edntimo entre m\u00fasica y poes\u00eda: la cantante Orioana Quintero, Manuel Ramos al piano y Joan Fabrellas, declamador en concierto.<\/strong><\/p>\n<p>El Vicerrectorado de Cultura, Igualdad y Diversidad de la UMH, dentro del proyecto <em>Di\u00e1logos culturales: Elche \u2013 UMH<\/em> organiza el espect\u00e1culo <em><strong>Miguel Hern\u00e1ndez Rom\u00e1ntico<\/strong><\/em>. El pr\u00f3ximo <strong>mi\u00e9rcoles 18 de junio<\/strong>&nbsp;a las 19:30 horas, en la Cinemateca del edificio La Valona, podremos disfrutar de un evento cultural excepcional que fusiona la voz de Oriana Quintero, el piano de Manuel Ramos y la inmortal poes\u00eda de Miguel Hern\u00e1ndez declamada por Joan Fabrellas en una experiencia art\u00edstica \u00fanica.<\/p>\n<p>El programa incluir\u00e1 piezas musicales originales, que van desde el jazz hasta la balada rom\u00e1ntica, creando un di\u00e1logo art\u00edstico que promete transportar al p\u00fablico a un espacio de profunda reflexi\u00f3n emocional.<\/p>\n<p><strong>Oriana Quintero<\/strong> es cantante y fundadora de una innovadora escuela musical (EMYC Talent Academy) en Elche, donde ha desarrollado una carrera art\u00edstica centrada en la conexi\u00f3n entre pedagog\u00eda y performance. Su enfoque interpretativo combina t\u00e9cnica depurada con una intensa expresividad emocional.<\/p>\n<p><strong>Manuel Ramos<\/strong>, pianista especializado en m\u00fasica de c\u00e1mara y acompa\u00f1amiento vocal, cuenta con una amplia trayectoria en escenarios internacionales. Su sensibilidad para adaptarse a diferentes estilos lo convierte en el compa\u00f1ero ideal para este proyecto interdisciplinar.<\/p>\n<p><strong>Joan Fabrellas<\/strong>, rapsoda de reconocido prestigio en el \u00e1mbito de la poes\u00eda esc\u00e9nica, ha participado en numerosos festivales internacionales. Su capacidad para dotar de nuevas dimensiones al texto po\u00e9tico mediante la voz lo convierte en pieza clave de esta propuesta.<\/p>\n<p><strong>Declaraciones de los artistas:<\/strong><\/p>\n<p>\u00abEste proyecto surge de nuestra fascinaci\u00f3n por los espacios donde la m\u00fasica y la palabra se encuentran. Cada pieza, cada poema ha sido cuidadosamente seleccionado para crear un viaje emocional compartido con el p\u00fablico\u00bb \u2014 Oriana Quintero.<\/p>\n<p>\u00abEl piano no ser\u00e1 aqu\u00ed mero acompa\u00f1amiento, sino un interlocutor m\u00e1s en este di\u00e1logo a tres voces donde el sonido y el verbo se entrelazan\u00bb \u2014 Manuel Ramos.<\/p>\n<p>\u00abRecitar poes\u00eda en conjunci\u00f3n con m\u00fasica viva es una de las experiencias m\u00e1s intensas que puede ofrecer el arte. Cada palabra resonar\u00e1 de forma distinta al interactuar con las melod\u00edas\u00bb \u2014 Joan Fabrellas.<\/p>\n<p>&nbsp;<\/p>\n<p>Entrada libre hasta completar aforo.<\/p>\n<p><a href=\"https:\/\/cultura.umh.es\/files\/2025\/06\/MHromantico_cartelCASweb.jpg\"><img loading=\"lazy\" class=\"alignnone size-medium wp-image-14500\" src=\"https:\/\/cultura.umh.es\/files\/2025\/06\/MHromantico_cartelCASweb-212x300.jpg\" alt=\"Cartel del concierto Miguel Hern\u00e1ndez rom\u00e1ntico\" width=\"212\" height=\"300\" srcset=\"https:\/\/cultura.umh.es\/files\/2025\/06\/MHromantico_cartelCASweb-212x300.jpg 212w, https:\/\/cultura.umh.es\/files\/2025\/06\/MHromantico_cartelCASweb-724x1024.jpg 724w, https:\/\/cultura.umh.es\/files\/2025\/06\/MHromantico_cartelCASweb-768x1086.jpg 768w, https:\/\/cultura.umh.es\/files\/2025\/06\/MHromantico_cartelCASweb-1086x1536.jpg 1086w, https:\/\/cultura.umh.es\/files\/2025\/06\/MHromantico_cartelCASweb.jpg 1240w\" sizes=\"(max-width: 212px) 100vw, 212px\" \/><\/a><\/p>","protected":false},"excerpt":{"rendered":"<p>El Vicerrectorado de Cultura, Igualdad y Diversidad organiza un encuentro \u00edntimo entre m\u00fasica y poes\u00eda: la cantante Orioana Quintero, Manuel Ramos al piano y Joan Fabrellas, declamador en concierto.<br \/>\nEl Vicerrectorado de Cultura, Igualdad y Diversidad de la UMH, dentro del proyecto Di\u00e1logos culturales: Elche \u2013 UMH organiza el espect\u00e1culo Miguel Hern\u00e1ndez Rom\u00e1ntico. El pr\u00f3ximo mi\u00e9rcoles [&#8230;]<\/p>\n","protected":false},"author":2954,"featured_media":0,"comment_status":"closed","ping_status":"closed","sticky":false,"template":"","format":"standard","meta":{"ngg_post_thumbnail":0,"_links_to":"","_links_to_target":""},"categories":[55515],"tags":[1056487,1056484],"_links":{"self":[{"href":"https:\/\/cultura.umh.es\/es\/wp-json\/wp\/v2\/posts\/14471"}],"collection":[{"href":"https:\/\/cultura.umh.es\/es\/wp-json\/wp\/v2\/posts"}],"about":[{"href":"https:\/\/cultura.umh.es\/es\/wp-json\/wp\/v2\/types\/post"}],"author":[{"embeddable":true,"href":"https:\/\/cultura.umh.es\/es\/wp-json\/wp\/v2\/users\/2954"}],"replies":[{"embeddable":true,"href":"https:\/\/cultura.umh.es\/es\/wp-json\/wp\/v2\/comments?post=14471"}],"version-history":[{"count":0,"href":"https:\/\/cultura.umh.es\/es\/wp-json\/wp\/v2\/posts\/14471\/revisions"}],"wp:attachment":[{"href":"https:\/\/cultura.umh.es\/es\/wp-json\/wp\/v2\/media?parent=14471"}],"wp:term":[{"taxonomy":"category","embeddable":true,"href":"https:\/\/cultura.umh.es\/es\/wp-json\/wp\/v2\/categories?post=14471"},{"taxonomy":"post_tag","embeddable":true,"href":"https:\/\/cultura.umh.es\/es\/wp-json\/wp\/v2\/tags?post=14471"}],"curies":[{"name":"wp","href":"https:\/\/api.w.org\/{rel}","templated":true}]}}