{"id":14446,"date":"2025-06-03T15:42:59","date_gmt":"2025-06-03T13:42:59","guid":{"rendered":"https:\/\/cultura.umh.es\/?p=14446"},"modified":"2025-06-16T09:52:53","modified_gmt":"2025-06-16T07:52:53","slug":"el-veri-del-teatre","status":"publish","type":"post","link":"https:\/\/cultura.umh.es\/es\/2025\/06\/03\/el-veri-del-teatre\/","title":{"rendered":"El ver\u00ed del teatre"},"content":{"rendered":"<p><a href=\"https:\/\/cultura.umh.es\/files\/2025\/06\/El-veri-del-teatre.jpg\"><img loading=\"lazy\" class=\"alignnone size-medium wp-image-14449\" src=\"https:\/\/cultura.umh.es\/files\/2025\/06\/El-veri-del-teatre-300x171.jpg\" alt=\"Baner de El ver\u00ed del teatre\" width=\"300\" height=\"171\" srcset=\"https:\/\/cultura.umh.es\/files\/2025\/06\/El-veri-del-teatre-300x171.jpg 300w, https:\/\/cultura.umh.es\/files\/2025\/06\/El-veri-del-teatre-1024x582.jpg 1024w, https:\/\/cultura.umh.es\/files\/2025\/06\/El-veri-del-teatre-768x437.jpg 768w, https:\/\/cultura.umh.es\/files\/2025\/06\/El-veri-del-teatre.jpg 1333w\" sizes=\"(max-width: 300px) 100vw, 300px\" \/><\/a><\/p>\n<p>El Vicerrectorado de Cultura, Igualdad y Diversidad de la UMH, dentro del proyecto <em>Di\u00e1logos culturales: Elche \u2013 UMH<\/em>, organiza la representaci\u00f3n de <strong><em>El ver\u00ed del teatre<\/em><\/strong>, de Rodolf Sirera, a cargo de la compa\u00f1\u00eda Esclafit Teatre, con Joan Nave y, el director, Tom\u00e0s Mestre.<\/p>\n<p>La representaci\u00f3n tendr\u00e1 lugar el pr\u00f3ximo <strong>mi\u00e9rcoles 11 de junio<\/strong>, a las 19.30 horas, a la Cinemateca del edificio La Valona de la Universidad Miguel Hern\u00e1ndez de Elche.<\/p>\n<p>Hay que estar atentos! Durante una hora, no podremos bajar la guardia: al escenario tiene lugar una lucha de miradas, de mentiras y de insinuaciones. Y como en un juego de rol, la estrategia adecuada ser\u00e1 la que haga que los personajes sobrevivan.<\/p>\n<p><em>El ver\u00ed del teatre<\/em>&nbsp;es una trampa que disfrutan j\u00f3venes y adultos desde hace m\u00e1s de cuatro d\u00e9cadas. Venenos, ant\u00eddotos, iron\u00edas y tensi\u00f3n dram\u00e1tica: todo dentro de la primera gran obra del teatro valenciano contempor\u00e1neo.<\/p>\n<p>El acceso es libre y limitado al aforo de la sala.<\/p>\n<p><a href=\"https:\/\/cultura.umh.es\/files\/2025\/06\/El-veri-del-teatre_CASweb.jpg\"><img loading=\"lazy\" class=\"alignnone size-medium wp-image-14494\" src=\"https:\/\/cultura.umh.es\/files\/2025\/06\/El-veri-del-teatre_CASweb-212x300.jpg\" alt=\"\" width=\"212\" height=\"300\" srcset=\"https:\/\/cultura.umh.es\/files\/2025\/06\/El-veri-del-teatre_CASweb-212x300.jpg 212w, https:\/\/cultura.umh.es\/files\/2025\/06\/El-veri-del-teatre_CASweb-724x1024.jpg 724w, https:\/\/cultura.umh.es\/files\/2025\/06\/El-veri-del-teatre_CASweb-768x1087.jpg 768w, https:\/\/cultura.umh.es\/files\/2025\/06\/El-veri-del-teatre_CASweb-1085x1536.jpg 1085w, https:\/\/cultura.umh.es\/files\/2025\/06\/El-veri-del-teatre_CASweb.jpg 1240w\" sizes=\"(max-width: 212px) 100vw, 212px\" \/><\/a><\/p>\n<p>&nbsp;<\/p>","protected":false},"excerpt":{"rendered":"<p>El Vicerrectorado de Cultura, Igualdad y Diversidad de la UMH, dentro del proyecto Di\u00e1logos culturales: Elche \u2013 UMH, organiza la representaci\u00f3n de El ver\u00ed del teatre, de Rodolf Sirera, a cargo de la compa\u00f1\u00eda Esclafit Teatre, con Joan Nave y, el director, Tom\u00e0s Mestre.<br \/>\nLa representaci\u00f3n tendr\u00e1 lugar el pr\u00f3ximo mi\u00e9rcoles 11 de junio, a las [&#8230;]<\/p>\n","protected":false},"author":2954,"featured_media":0,"comment_status":"closed","ping_status":"closed","sticky":false,"template":"","format":"standard","meta":{"ngg_post_thumbnail":0,"_links_to":"","_links_to_target":""},"categories":[701],"tags":[1056487,1056484],"_links":{"self":[{"href":"https:\/\/cultura.umh.es\/es\/wp-json\/wp\/v2\/posts\/14446"}],"collection":[{"href":"https:\/\/cultura.umh.es\/es\/wp-json\/wp\/v2\/posts"}],"about":[{"href":"https:\/\/cultura.umh.es\/es\/wp-json\/wp\/v2\/types\/post"}],"author":[{"embeddable":true,"href":"https:\/\/cultura.umh.es\/es\/wp-json\/wp\/v2\/users\/2954"}],"replies":[{"embeddable":true,"href":"https:\/\/cultura.umh.es\/es\/wp-json\/wp\/v2\/comments?post=14446"}],"version-history":[{"count":0,"href":"https:\/\/cultura.umh.es\/es\/wp-json\/wp\/v2\/posts\/14446\/revisions"}],"wp:attachment":[{"href":"https:\/\/cultura.umh.es\/es\/wp-json\/wp\/v2\/media?parent=14446"}],"wp:term":[{"taxonomy":"category","embeddable":true,"href":"https:\/\/cultura.umh.es\/es\/wp-json\/wp\/v2\/categories?post=14446"},{"taxonomy":"post_tag","embeddable":true,"href":"https:\/\/cultura.umh.es\/es\/wp-json\/wp\/v2\/tags?post=14446"}],"curies":[{"name":"wp","href":"https:\/\/api.w.org\/{rel}","templated":true}]}}