{"id":14431,"date":"2025-06-03T15:21:34","date_gmt":"2025-06-03T13:21:34","guid":{"rendered":"https:\/\/cultura.umh.es\/?p=14431"},"modified":"2025-06-16T09:53:11","modified_gmt":"2025-06-16T07:53:11","slug":"club-cine-umh-saturno","status":"publish","type":"post","link":"https:\/\/cultura.umh.es\/es\/2025\/06\/03\/club-cine-umh-saturno\/","title":{"rendered":"Club Cine UMH: \u00abSaturno\u00bb"},"content":{"rendered":"<p><a href=\"https:\/\/cultura.umh.es\/files\/2025\/06\/Club-de-cine_Saturno.jpg\"><img loading=\"lazy\" class=\"alignnone size-medium wp-image-14434\" src=\"https:\/\/cultura.umh.es\/files\/2025\/06\/Club-de-cine_Saturno-300x171.jpg\" alt=\"Banner de Saturno\" width=\"300\" height=\"171\" srcset=\"https:\/\/cultura.umh.es\/files\/2025\/06\/Club-de-cine_Saturno-300x171.jpg 300w, https:\/\/cultura.umh.es\/files\/2025\/06\/Club-de-cine_Saturno-1024x582.jpg 1024w, https:\/\/cultura.umh.es\/files\/2025\/06\/Club-de-cine_Saturno-768x437.jpg 768w, https:\/\/cultura.umh.es\/files\/2025\/06\/Club-de-cine_Saturno.jpg 1333w\" sizes=\"(max-width: 300px) 100vw, 300px\" \/><\/a><\/p>\n<p>El Vicerrectorado de Cultura, Igualdad y Diversidad de la Universidad Miguel Hern\u00e1ndez de Elche ha puesto en marcha el <strong><em>Club de Cine \u2013 UMH<\/em><\/strong>, un lugar de encuentro de personas especialistas en el s\u00e9ptimo arte el pr\u00f3ximo martes, <strong>10 de junio<\/strong>, a las 19:30 horas, a la Cinemateca del edificio La Valona del campus de Elche. En esta ocasi\u00f3n se presenta el documental <strong><em>Saturno<\/em><\/strong>, a cargo de su director Daniel Tornero.<\/p>\n<p><em>Saturno<\/em> es un relato en primera persona en que Daniel Tornero, director del film, se enfrenta a las memorias de su abuelo: \u00abEn el 2018 mi abuelo fue detenido por abuso de menores e intento de secuestro. Ahora est\u00e1 a la espera de entrar en la prisi\u00f3n y yo me reencuentro con \u00e9l y hago frente a sus miradas, sus respuestas y a mis propios sentimientos\u00bb. Mientras tanto, mi familia se re\u00fane en nuestra casa y lidia con las consecuencias emocionales de haber crecido bajo esta figura paterna.<\/p>\n<p>Este ciclo tiene la colaboraci\u00f3n de los grados de Comunicaci\u00f3n Audiovisual y Comunicaci\u00f3n Audiovisual y Periodismo y se enmarca dentro del proyecto de <em>Di\u00e1logos Culturales<\/em>.<\/p>\n<p>La entrada es libre pero limitada al aforo de la sala.<\/p>\n<p><a href=\"https:\/\/cultura.umh.es\/files\/2025\/06\/Saturno_cartelCASweb.jpg\"><img loading=\"lazy\" class=\"alignnone size-medium wp-image-14491\" src=\"https:\/\/cultura.umh.es\/files\/2025\/06\/Saturno_cartelCASweb-212x300.jpg\" alt=\"Cartel de Saturno\" width=\"212\" height=\"300\" srcset=\"https:\/\/cultura.umh.es\/files\/2025\/06\/Saturno_cartelCASweb-212x300.jpg 212w, https:\/\/cultura.umh.es\/files\/2025\/06\/Saturno_cartelCASweb-724x1024.jpg 724w, https:\/\/cultura.umh.es\/files\/2025\/06\/Saturno_cartelCASweb-768x1086.jpg 768w, https:\/\/cultura.umh.es\/files\/2025\/06\/Saturno_cartelCASweb-1086x1536.jpg 1086w, https:\/\/cultura.umh.es\/files\/2025\/06\/Saturno_cartelCASweb.jpg 1240w\" sizes=\"(max-width: 212px) 100vw, 212px\" \/><\/a><\/p>","protected":false},"excerpt":{"rendered":"<p>El Vicerrectorado de Cultura, Igualdad y Diversidad de la Universidad Miguel Hern\u00e1ndez de Elche ha puesto en marcha el Club de Cine \u2013 UMH, un lugar de encuentro de personas especialistas en el s\u00e9ptimo arte el pr\u00f3ximo martes, 10 de junio, a las 19:30 horas, a la Cinemateca del edificio La Valona del campus de [&#8230;]<\/p>\n","protected":false},"author":2954,"featured_media":0,"comment_status":"closed","ping_status":"closed","sticky":false,"template":"","format":"standard","meta":{"ngg_post_thumbnail":0,"_links_to":"","_links_to_target":""},"categories":[144],"tags":[1056494,1056487,1056484],"_links":{"self":[{"href":"https:\/\/cultura.umh.es\/es\/wp-json\/wp\/v2\/posts\/14431"}],"collection":[{"href":"https:\/\/cultura.umh.es\/es\/wp-json\/wp\/v2\/posts"}],"about":[{"href":"https:\/\/cultura.umh.es\/es\/wp-json\/wp\/v2\/types\/post"}],"author":[{"embeddable":true,"href":"https:\/\/cultura.umh.es\/es\/wp-json\/wp\/v2\/users\/2954"}],"replies":[{"embeddable":true,"href":"https:\/\/cultura.umh.es\/es\/wp-json\/wp\/v2\/comments?post=14431"}],"version-history":[{"count":0,"href":"https:\/\/cultura.umh.es\/es\/wp-json\/wp\/v2\/posts\/14431\/revisions"}],"wp:attachment":[{"href":"https:\/\/cultura.umh.es\/es\/wp-json\/wp\/v2\/media?parent=14431"}],"wp:term":[{"taxonomy":"category","embeddable":true,"href":"https:\/\/cultura.umh.es\/es\/wp-json\/wp\/v2\/categories?post=14431"},{"taxonomy":"post_tag","embeddable":true,"href":"https:\/\/cultura.umh.es\/es\/wp-json\/wp\/v2\/tags?post=14431"}],"curies":[{"name":"wp","href":"https:\/\/api.w.org\/{rel}","templated":true}]}}