{"id":14396,"date":"2025-05-28T11:39:50","date_gmt":"2025-05-28T09:39:50","guid":{"rendered":"https:\/\/cultura.umh.es\/?p=14396"},"modified":"2025-06-16T13:53:51","modified_gmt":"2025-06-16T11:53:51","slug":"torbada-musical-ensemble-vocal-pneuma-umh-y-camerata-caecilia-dholanda","status":"publish","type":"post","link":"https:\/\/cultura.umh.es\/es\/2025\/05\/28\/torbada-musical-ensemble-vocal-pneuma-umh-y-camerata-caecilia-dholanda\/","title":{"rendered":"Encuentro musical Ensemble Vocal Pneuma UMH y Camerata Caecilia de Holanda"},"content":{"rendered":"<p><a href=\"https:\/\/cultura.umh.es\/files\/2025\/05\/Concierto-Altea_bannerCAS.jpg\"><img loading=\"lazy\" class=\"alignnone size-medium wp-image-14408\" src=\"https:\/\/cultura.umh.es\/files\/2025\/05\/Concierto-Altea_bannerCAS-300x171.jpg\" alt=\"Banner del concierto de Pneuma y la Camerata Caecilia\" width=\"300\" height=\"171\" srcset=\"https:\/\/cultura.umh.es\/files\/2025\/05\/Concierto-Altea_bannerCAS-300x171.jpg 300w, https:\/\/cultura.umh.es\/files\/2025\/05\/Concierto-Altea_bannerCAS-1024x582.jpg 1024w, https:\/\/cultura.umh.es\/files\/2025\/05\/Concierto-Altea_bannerCAS-768x437.jpg 768w, https:\/\/cultura.umh.es\/files\/2025\/05\/Concierto-Altea_bannerCAS.jpg 1333w\" sizes=\"(max-width: 300px) 100vw, 300px\" \/><\/a><\/p>\n<p><strong>Encuentro musical entre el Ensemble Vocal Pneuma UMH y Camerata Caecilia de Holanda, dirigido por Jasper de Waal. El s\u00e1bado 7 de junio de 2025 a las 20.00 horas, en Palau Altea Centre d&#8217;Arts, de Altea.<\/strong><\/p>\n<p>La entrada es libre hasta completar aforo.<\/p>\n<p>El <strong>Ensemble Vocal Pneuma UMH<\/strong> (Universidad Miguel Hern\u00e1ndez) basa sus actividades en la pr\u00e1ctica musical desde el punto de vista vocal como actividad colectiva que implica una relaci\u00f3n social y una colaboraci\u00f3n de todos los miembros que lo integran. Dado el car\u00e1cter grupal del canto coral, su pr\u00e1ctica se erige como emblem\u00e1tica de la participaci\u00f3n social de la m\u00fasica.<\/p>\n<p><strong>Caecilia Camerata de Holanda<\/strong> tiene como objetivo brindar a los m\u00fasicos con una carrera fuera del mundo de la m\u00fasica, la oportunidad de hacer m\u00fasica juntos, a un alto nivel. Sus m\u00fasicos, procedentes de diferentes orquestas, buscan varias veces al a\u00f1o una actuaci\u00f3n conjunta, en\u00e9rgica y apasionada, bajo la inspiradora direcci\u00f3n de Jasper de Waal. Han interpretado una gran variedad de obras, desde Mozart, Haydn y Beethoven hasta Strauss, Brahms, Bruckner, Ravel y Weill. El objetivo es siempre llegar al n\u00facleo de la m\u00fasica y compartirlo con el p\u00fablico.<\/p>\n<p><b>Jasper de Waal <\/b>adem\u00e1s de una exitosa carrera como trompetista solista, entre otras, de la Orquesta Real del Concertgebouw de \u00c1msterdam y, actualmente, en el Chamber Orchestra of Europe, Jasper de Waal tambi\u00e9n trabaja activamente como director. Los estudios intensivos con Jan Stulen, su amplio conocimiento del repertorio y a\u00f1os de aportaci\u00f3n musical al m\u00e1s alto nivel, lo convierten en un director muy interesante y apasionado. Ha sido director titular permanente de Caecilia Camerata desde su fundaci\u00f3n en 2014. En Holanda ha dirigido entre otros Noord Nederlands Orkest (NNO), Het Nederlands Philharmonisch Orkest (NedPho) y Residentie Orkest (RO). Tambi\u00e9n dirige orquestas estudiantiles y profesionales en Europa y Asia. Adem\u00e1s, participa activamente como profesor principal de trompa en el Conservatorio de \u00c1msterdam.<\/p>\n<p><strong>Programa:<\/strong><\/p>\n<ul>\n<li><em><strong>Entre dos silencios<\/strong><\/em><br \/>\nLeenaers<br \/>\nSolista trompa: Jasper de Waal<\/li>\n<li><em><strong>Concierto para dos clarinetes op. 91<\/strong><\/em><br \/>\nKrommer<br \/>\nSolistas clarinete: Jeroen Salm y Arjan Adams<\/li>\n<li><em><strong>Sinfon\u00eda n\u00ba8 en Fa M op. 93<\/strong><\/em><br \/>\nLudwig van Beethoven<\/li>\n<li><strong><em>Cold People Chorus<\/em> (King Arthur)<\/strong><br \/>\nH. Purcell<\/li>\n<li><strong><em>Torna Bella<\/em> (Orfeo e Euridice)<\/strong><br \/>\nCh. W. Gluck<\/li>\n<li><strong><em>Chi Mai dell\u2019Erebo<\/em> (Orfeo e Euridice)<\/strong><br \/>\nCh. W. Gluck<\/li>\n<\/ul>\n<p>&nbsp;<\/p>\n<p><a href=\"https:\/\/cultura.umh.es\/files\/2025\/05\/Concierto-Altea_cartelCASweb.jpg\"><img loading=\"lazy\" class=\"alignnone size-medium wp-image-14402\" src=\"https:\/\/cultura.umh.es\/files\/2025\/05\/Concierto-Altea_cartelCASweb-212x300.jpg\" alt=\"Cartel de concierto de Pneuma y la Camerata Caecilia\" width=\"212\" height=\"300\" srcset=\"https:\/\/cultura.umh.es\/files\/2025\/05\/Concierto-Altea_cartelCASweb-212x300.jpg 212w, https:\/\/cultura.umh.es\/files\/2025\/05\/Concierto-Altea_cartelCASweb-724x1024.jpg 724w, https:\/\/cultura.umh.es\/files\/2025\/05\/Concierto-Altea_cartelCASweb-768x1086.jpg 768w, https:\/\/cultura.umh.es\/files\/2025\/05\/Concierto-Altea_cartelCASweb-1086x1536.jpg 1086w, https:\/\/cultura.umh.es\/files\/2025\/05\/Concierto-Altea_cartelCASweb.jpg 1240w\" sizes=\"(max-width: 212px) 100vw, 212px\" \/><\/a><\/p>","protected":false},"excerpt":{"rendered":"<p>Encuentro musical entre el Ensemble Vocal Pneuma UMH y Camerata Caecilia de Holanda, dirigido por Jasper de Waal. El s\u00e1bado 7 de junio de 2025 a las 20.00 horas, en Palau Altea Centre d&#8217;Arts, de Altea.<br \/>\nLa entrada es libre hasta completar aforo.<br \/>\nEl Ensemble Vocal Pneuma UMH (Universidad Miguel Hern\u00e1ndez) basa sus actividades en la pr\u00e1ctica [&#8230;]<\/p>\n","protected":false},"author":2954,"featured_media":0,"comment_status":"closed","ping_status":"closed","sticky":false,"template":"","format":"standard","meta":{"ngg_post_thumbnail":0,"_links_to":"","_links_to_target":""},"categories":[55515],"tags":[70449],"_links":{"self":[{"href":"https:\/\/cultura.umh.es\/es\/wp-json\/wp\/v2\/posts\/14396"}],"collection":[{"href":"https:\/\/cultura.umh.es\/es\/wp-json\/wp\/v2\/posts"}],"about":[{"href":"https:\/\/cultura.umh.es\/es\/wp-json\/wp\/v2\/types\/post"}],"author":[{"embeddable":true,"href":"https:\/\/cultura.umh.es\/es\/wp-json\/wp\/v2\/users\/2954"}],"replies":[{"embeddable":true,"href":"https:\/\/cultura.umh.es\/es\/wp-json\/wp\/v2\/comments?post=14396"}],"version-history":[{"count":0,"href":"https:\/\/cultura.umh.es\/es\/wp-json\/wp\/v2\/posts\/14396\/revisions"}],"wp:attachment":[{"href":"https:\/\/cultura.umh.es\/es\/wp-json\/wp\/v2\/media?parent=14396"}],"wp:term":[{"taxonomy":"category","embeddable":true,"href":"https:\/\/cultura.umh.es\/es\/wp-json\/wp\/v2\/categories?post=14396"},{"taxonomy":"post_tag","embeddable":true,"href":"https:\/\/cultura.umh.es\/es\/wp-json\/wp\/v2\/tags?post=14396"}],"curies":[{"name":"wp","href":"https:\/\/api.w.org\/{rel}","templated":true}]}}