{"id":14360,"date":"2025-05-22T12:33:19","date_gmt":"2025-05-22T10:33:19","guid":{"rendered":"https:\/\/cultura.umh.es\/?p=14360"},"modified":"2025-06-16T13:53:33","modified_gmt":"2025-06-16T11:53:33","slug":"improuemahaqueat","status":"publish","type":"post","link":"https:\/\/cultura.umh.es\/es\/2025\/05\/22\/improuemahaqueat\/","title":{"rendered":"Improuemehach\u00e9ate"},"content":{"rendered":"<p><a href=\"https:\/\/cultura.umh.es\/files\/2025\/05\/Impro_BannerCAS.jpg\"><img loading=\"lazy\" class=\"alignnone size-medium wp-image-14366\" src=\"https:\/\/cultura.umh.es\/files\/2025\/05\/Impro_BannerCAS-300x183.jpg\" alt=\"Banner de Improuemehach\u00e9ate\" width=\"300\" height=\"183\" srcset=\"https:\/\/cultura.umh.es\/files\/2025\/05\/Impro_BannerCAS-300x183.jpg 300w, https:\/\/cultura.umh.es\/files\/2025\/05\/Impro_BannerCAS-1024x625.jpg 1024w, https:\/\/cultura.umh.es\/files\/2025\/05\/Impro_BannerCAS-768x468.jpg 768w, https:\/\/cultura.umh.es\/files\/2025\/05\/Impro_BannerCAS-1536x937.jpg 1536w, https:\/\/cultura.umh.es\/files\/2025\/05\/Impro_BannerCAS.jpg 1538w\" sizes=\"(max-width: 300px) 100vw, 300px\" \/><\/a><\/p>\n<p>No te pierdas la oportunidad de disfrutar de&nbsp;<strong><em>Improuemehach\u00e9ate<\/em><\/strong>, una divertida tarde de improvisaci\u00f3n esc\u00e9nica a cargo de la Compa\u00f1\u00eda de Teatro UMH bajo la direcci\u00f3n de Ad\u00e1n Rodr\u00edguez. Este evento se llevar\u00e1 a cabo el <strong>11 de junio<\/strong> a las 19:30 horas en el Sal\u00f3n de Grados del edificio Arenals, campus de Elche.<\/p>\n<p>La entrada es libre hasta completar el aforo.<\/p>\n<p><a href=\"https:\/\/cultura.umh.es\/files\/2025\/05\/Impro_cartelCASweb.jpg\"><img loading=\"lazy\" class=\"alignnone size-medium wp-image-14372\" src=\"https:\/\/cultura.umh.es\/files\/2025\/05\/Impro_cartelCASweb-212x300.jpg\" alt=\"Cartel de Improuemehach\u00e9ate\" width=\"212\" height=\"300\" srcset=\"https:\/\/cultura.umh.es\/files\/2025\/05\/Impro_cartelCASweb-212x300.jpg 212w, https:\/\/cultura.umh.es\/files\/2025\/05\/Impro_cartelCASweb-724x1024.jpg 724w, https:\/\/cultura.umh.es\/files\/2025\/05\/Impro_cartelCASweb-768x1086.jpg 768w, https:\/\/cultura.umh.es\/files\/2025\/05\/Impro_cartelCASweb-1086x1536.jpg 1086w, https:\/\/cultura.umh.es\/files\/2025\/05\/Impro_cartelCASweb.jpg 1240w\" sizes=\"(max-width: 212px) 100vw, 212px\" \/><\/a><\/p>","protected":false},"excerpt":{"rendered":"<p>No te pierdas la oportunidad de disfrutar de&nbsp;Improuemehach\u00e9ate, una divertida tarde de improvisaci\u00f3n esc\u00e9nica a cargo de la Compa\u00f1\u00eda de Teatro UMH bajo la direcci\u00f3n de Ad\u00e1n Rodr\u00edguez. Este evento se llevar\u00e1 a cabo el 11 de junio a las 19:30 horas en el Sal\u00f3n de Grados del edificio Arenals, campus de Elche.<br \/>\nLa entrada es [&#8230;]<\/p>\n","protected":false},"author":2954,"featured_media":0,"comment_status":"closed","ping_status":"closed","sticky":false,"template":"","format":"standard","meta":{"ngg_post_thumbnail":0,"_links_to":"","_links_to_target":""},"categories":[701],"tags":[1056500,287049],"_links":{"self":[{"href":"https:\/\/cultura.umh.es\/es\/wp-json\/wp\/v2\/posts\/14360"}],"collection":[{"href":"https:\/\/cultura.umh.es\/es\/wp-json\/wp\/v2\/posts"}],"about":[{"href":"https:\/\/cultura.umh.es\/es\/wp-json\/wp\/v2\/types\/post"}],"author":[{"embeddable":true,"href":"https:\/\/cultura.umh.es\/es\/wp-json\/wp\/v2\/users\/2954"}],"replies":[{"embeddable":true,"href":"https:\/\/cultura.umh.es\/es\/wp-json\/wp\/v2\/comments?post=14360"}],"version-history":[{"count":0,"href":"https:\/\/cultura.umh.es\/es\/wp-json\/wp\/v2\/posts\/14360\/revisions"}],"wp:attachment":[{"href":"https:\/\/cultura.umh.es\/es\/wp-json\/wp\/v2\/media?parent=14360"}],"wp:term":[{"taxonomy":"category","embeddable":true,"href":"https:\/\/cultura.umh.es\/es\/wp-json\/wp\/v2\/categories?post=14360"},{"taxonomy":"post_tag","embeddable":true,"href":"https:\/\/cultura.umh.es\/es\/wp-json\/wp\/v2\/tags?post=14360"}],"curies":[{"name":"wp","href":"https:\/\/api.w.org\/{rel}","templated":true}]}}