{"id":14293,"date":"2025-05-02T08:50:53","date_gmt":"2025-05-02T06:50:53","guid":{"rendered":"https:\/\/cultura.umh.es\/?p=14293"},"modified":"2026-01-22T09:00:45","modified_gmt":"2026-01-22T08:00:45","slug":"14293","status":"publish","type":"post","link":"https:\/\/cultura.umh.es\/es\/2025\/05\/02\/14293\/","title":{"rendered":"Lunas de bolero"},"content":{"rendered":"<p><a href=\"https:\/\/cultura.umh.es\/files\/2025\/05\/Lunas-de-bolero_bannerCAS.jpg\"><img loading=\"lazy\" class=\"alignnone size-medium wp-image-14299\" src=\"https:\/\/cultura.umh.es\/files\/2025\/05\/Lunas-de-bolero_bannerCAS-300x171.jpg\" alt=\"Banner de Lunas de bolero\" width=\"300\" height=\"171\" srcset=\"https:\/\/cultura.umh.es\/files\/2025\/05\/Lunas-de-bolero_bannerCAS-300x171.jpg 300w, https:\/\/cultura.umh.es\/files\/2025\/05\/Lunas-de-bolero_bannerCAS-1024x582.jpg 1024w, https:\/\/cultura.umh.es\/files\/2025\/05\/Lunas-de-bolero_bannerCAS-768x437.jpg 768w, https:\/\/cultura.umh.es\/files\/2025\/05\/Lunas-de-bolero_bannerCAS.jpg 1333w\" sizes=\"(max-width: 300px) 100vw, 300px\" \/><\/a><\/p>\n<p>El Vicerrectorado de Cultura, Igualdad y Diversidad de la UMH, dentro del proyecto <em>Di\u00e1logos culturales: Elche \u2013 UMH<\/em> organiza el espect\u00e1culo <strong><em>Lunas de bolero<\/em><\/strong>, a cargo del cuarteto <strong>Anacrusa<\/strong>.<\/p>\n<p>La actuaci\u00f3n tendr\u00e1 lugar el pr\u00f3ximo viernes <strong>9 de mayo<\/strong>, a las <strong>19:00 horas<\/strong>, en la <strong>Cinemateca<\/strong> del edificio <strong>La Valona<\/strong> de la Universidad Miguel Hern\u00e1ndez de Elche.<\/p>\n<p>Este acto eminentemente mel\u00f3dico nos invita a realizar un viaje por la historia del bolero como g\u00e9nero musical a trav\u00e9s de canciones que han marcado la vida de muchos seguidores de la canci\u00f3n rom\u00e1ntica. Partiendo de un guion de marcado sabor literario que sirve de hilo conductor entre una y otra composici\u00f3n, la cantante Concha Vacas pone voz a boleros que forman parte del paisaje sentimental de miles de personas, pasando por piezas de compositores e int\u00e9rpretes de la talla de Armando Manzanero, Roberto Cantoral, Chico Novarro, Luis Miguel, Murta Silva, Olga Guillot, Los Panchos, Morris Albert, Mon Laferte, Jaime Enr\u00edquez Miranda\u2026<\/p>\n<p>El grupo Anacrusa surgi\u00f3 hace apenas hace un a\u00f1o, en la primavera de 2024. El concierto cuenta con la voz solista de Concha Vacas, el acompa\u00f1amiento musical de Roque Mau a la guitarra, Mar\u00eda Luisa Tom\u00e1s en la percusi\u00f3n y Ver\u00f3nica Tormo con el violonchelo.<\/p>\n<p><em>Di\u00e1logos culturales<\/em> es un proyecto que busca que haya una relaci\u00f3n fluida entre las actividades culturales llevadas a cabo dentro de la universidad, y las actividades culturales propias de la ciudad donde se encuentra y realizadas por los profesionales de la cultura de esa ciudad. As\u00ed, las actividades realizadas por estudiantes de la UMH se llevar\u00e1n a la ciudad, y tambi\u00e9n, fruto de ese di\u00e1logo, actividades realizadas en la ciudad se traer\u00e1n a la universidad. De esta manera se pretende potenciar las actividades culturales a la vez que fortalecer el tejido cultural tanto en la universidad como en la sociedad en la que se encuentra inmersa.<\/p>\n<p>La entrada es libre limitada al aforo de la sala.<\/p>\n<p><a href=\"https:\/\/cultura.umh.es\/files\/2025\/05\/Lunas-de-bolero_cartelCASweb.jpg\"><img loading=\"lazy\" class=\"alignnone size-medium wp-image-14305\" src=\"https:\/\/cultura.umh.es\/files\/2025\/05\/Lunas-de-bolero_cartelCASweb-212x300.jpg\" alt=\"Cartel de Lunas de bolero\" width=\"212\" height=\"300\" srcset=\"https:\/\/cultura.umh.es\/files\/2025\/05\/Lunas-de-bolero_cartelCASweb-212x300.jpg 212w, https:\/\/cultura.umh.es\/files\/2025\/05\/Lunas-de-bolero_cartelCASweb-724x1024.jpg 724w, https:\/\/cultura.umh.es\/files\/2025\/05\/Lunas-de-bolero_cartelCASweb-768x1086.jpg 768w, https:\/\/cultura.umh.es\/files\/2025\/05\/Lunas-de-bolero_cartelCASweb-1086x1536.jpg 1086w, https:\/\/cultura.umh.es\/files\/2025\/05\/Lunas-de-bolero_cartelCASweb.jpg 1240w\" sizes=\"(max-width: 212px) 100vw, 212px\" \/><\/a><\/p>","protected":false},"excerpt":{"rendered":"<p>El Vicerrectorado de Cultura, Igualdad y Diversidad de la UMH, dentro del proyecto Di\u00e1logos culturales: Elche \u2013 UMH organiza el espect\u00e1culo Lunas de bolero, a cargo del cuarteto Anacrusa.<br \/>\nLa actuaci\u00f3n tendr\u00e1 lugar el pr\u00f3ximo viernes 9 de mayo, a las 19:00 horas, en la Cinemateca del edificio La Valona de la Universidad Miguel Hern\u00e1ndez de [&#8230;]<\/p>\n","protected":false},"author":2954,"featured_media":0,"comment_status":"closed","ping_status":"closed","sticky":false,"template":"","format":"standard","meta":{"ngg_post_thumbnail":0,"_links_to":"","_links_to_target":""},"categories":[55515],"tags":[1056487,1056484],"_links":{"self":[{"href":"https:\/\/cultura.umh.es\/es\/wp-json\/wp\/v2\/posts\/14293"}],"collection":[{"href":"https:\/\/cultura.umh.es\/es\/wp-json\/wp\/v2\/posts"}],"about":[{"href":"https:\/\/cultura.umh.es\/es\/wp-json\/wp\/v2\/types\/post"}],"author":[{"embeddable":true,"href":"https:\/\/cultura.umh.es\/es\/wp-json\/wp\/v2\/users\/2954"}],"replies":[{"embeddable":true,"href":"https:\/\/cultura.umh.es\/es\/wp-json\/wp\/v2\/comments?post=14293"}],"version-history":[{"count":0,"href":"https:\/\/cultura.umh.es\/es\/wp-json\/wp\/v2\/posts\/14293\/revisions"}],"wp:attachment":[{"href":"https:\/\/cultura.umh.es\/es\/wp-json\/wp\/v2\/media?parent=14293"}],"wp:term":[{"taxonomy":"category","embeddable":true,"href":"https:\/\/cultura.umh.es\/es\/wp-json\/wp\/v2\/categories?post=14293"},{"taxonomy":"post_tag","embeddable":true,"href":"https:\/\/cultura.umh.es\/es\/wp-json\/wp\/v2\/tags?post=14293"}],"curies":[{"name":"wp","href":"https:\/\/api.w.org\/{rel}","templated":true}]}}