{"id":14246,"date":"2025-04-10T08:55:41","date_gmt":"2025-04-10T06:55:41","guid":{"rendered":"https:\/\/cultura.umh.es\/?p=14246"},"modified":"2025-04-10T08:55:41","modified_gmt":"2025-04-10T06:55:41","slug":"cursos-destiu-umh-2025","status":"publish","type":"post","link":"https:\/\/cultura.umh.es\/es\/2025\/04\/10\/cursos-destiu-umh-2025\/","title":{"rendered":"Cursos de Verano UMH 2025"},"content":{"rendered":"<p><a href=\"https:\/\/cultura.umh.es\/files\/2023\/12\/CursosDeVerano_bannerGCAS.jpg\"><img loading=\"lazy\" class=\"alignnone size-medium wp-image-12806\" src=\"https:\/\/cultura.umh.es\/files\/2023\/12\/CursosDeVerano_bannerGCAS-300x183.jpg\" alt=\"Banner de Cursos de Verano UMH\" width=\"300\" height=\"183\" srcset=\"https:\/\/cultura.umh.es\/files\/2023\/12\/CursosDeVerano_bannerGCAS-300x183.jpg 300w, https:\/\/cultura.umh.es\/files\/2023\/12\/CursosDeVerano_bannerGCAS.jpg 769w\" sizes=\"(max-width: 300px) 100vw, 300px\" \/><\/a><\/p>\n<p>Los <strong>Cursos de Verano de la UMH<\/strong> son un punto de encuentro e intercambio de conocimiento entre el profesorado y el alumnado, tanto en la modalidad presencial en nuestros campus y sedes de la provincia de Alicante, como a trav\u00e9s del Aula Virtual de la UMH.<\/p>\n<p>El principal objetivo de estos Cursos es el de crear foros de debate y reflexi\u00f3n din\u00e1micos y participativos, sobre los temas de actualidad en torno a las diversas \u00e1reas de conocimiento que resultan de inter\u00e9s para aquellas personas que busquen ampliar los conocimientos necesarios en su carrera acad\u00e9mica y profesional. Quienes participan reciben un reconocimiento acad\u00e9mico que incluye el detalle de las competencias y habilidades adquiridas a la vez que se puede convalidar por cr\u00e9ditos ECTS.<\/p>\n<p><a href=\"https:\/\/cultura.umh.es\/es\/cursos\/cursos-de-estiu\/programa-cursos-destiu-umh\/\">El programa de Cursos de Verano UMH<\/a> pretende, adem\u00e1s, que el conjunto de la ciudadan\u00eda participe en la transferencia e intercambio del conocimiento y de la cultura, a trav\u00e9s de la formaci\u00f3n permanente a lo largo de la vida con diferentes acciones para que pueda elegir aquellas que resulten de su inter\u00e9s.<\/p>\n<p><a href=\"https:\/\/cultura.umh.es\/es\/cursos\/cursos-de-estiu\/\">Ir a la p\u00e1gina de los Cursos de Verano UMH<\/a><\/p>","protected":false},"excerpt":{"rendered":"<p>Los Cursos de Verano de la UMH son un punto de encuentro e intercambio de conocimiento entre el profesorado y el alumnado, tanto en la modalidad presencial en nuestros campus y sedes de la provincia de Alicante, como a trav\u00e9s del Aula Virtual de la UMH.<br \/>\nEl principal objetivo de estos Cursos es el de crear [&#8230;]<\/p>\n","protected":false},"author":2954,"featured_media":0,"comment_status":"closed","ping_status":"closed","sticky":false,"template":"","format":"standard","meta":{"ngg_post_thumbnail":0,"_links_to":"","_links_to_target":""},"categories":[6],"tags":[363938,45220],"_links":{"self":[{"href":"https:\/\/cultura.umh.es\/es\/wp-json\/wp\/v2\/posts\/14246"}],"collection":[{"href":"https:\/\/cultura.umh.es\/es\/wp-json\/wp\/v2\/posts"}],"about":[{"href":"https:\/\/cultura.umh.es\/es\/wp-json\/wp\/v2\/types\/post"}],"author":[{"embeddable":true,"href":"https:\/\/cultura.umh.es\/es\/wp-json\/wp\/v2\/users\/2954"}],"replies":[{"embeddable":true,"href":"https:\/\/cultura.umh.es\/es\/wp-json\/wp\/v2\/comments?post=14246"}],"version-history":[{"count":0,"href":"https:\/\/cultura.umh.es\/es\/wp-json\/wp\/v2\/posts\/14246\/revisions"}],"wp:attachment":[{"href":"https:\/\/cultura.umh.es\/es\/wp-json\/wp\/v2\/media?parent=14246"}],"wp:term":[{"taxonomy":"category","embeddable":true,"href":"https:\/\/cultura.umh.es\/es\/wp-json\/wp\/v2\/categories?post=14246"},{"taxonomy":"post_tag","embeddable":true,"href":"https:\/\/cultura.umh.es\/es\/wp-json\/wp\/v2\/tags?post=14246"}],"curies":[{"name":"wp","href":"https:\/\/api.w.org\/{rel}","templated":true}]}}