{"id":14174,"date":"2025-03-20T15:18:00","date_gmt":"2025-03-20T14:18:00","guid":{"rendered":"https:\/\/cultura.umh.es\/?p=14174"},"modified":"2025-06-16T09:44:28","modified_gmt":"2025-06-16T07:44:28","slug":"ana-rosa-de-catalina-villar","status":"publish","type":"post","link":"https:\/\/cultura.umh.es\/es\/2025\/03\/20\/ana-rosa-de-catalina-villar\/","title":{"rendered":"\u00abAna Rosa\u00bb de Catalina Villar"},"content":{"rendered":"<p><a href=\"https:\/\/cultura.umh.es\/files\/2025\/03\/Ana-Rosa_banner-CAS.jpg\"><img loading=\"lazy\" class=\"alignnone size-medium wp-image-14171\" src=\"https:\/\/cultura.umh.es\/files\/2025\/03\/Ana-Rosa_banner-CAS-300x167.jpg\" alt=\"Banner de Ana Rosa\" width=\"300\" height=\"167\" srcset=\"https:\/\/cultura.umh.es\/files\/2025\/03\/Ana-Rosa_banner-CAS-300x167.jpg 300w, https:\/\/cultura.umh.es\/files\/2025\/03\/Ana-Rosa_banner-CAS-1024x571.jpg 1024w, https:\/\/cultura.umh.es\/files\/2025\/03\/Ana-Rosa_banner-CAS-768x428.jpg 768w, https:\/\/cultura.umh.es\/files\/2025\/03\/Ana-Rosa_banner-CAS-1536x856.jpg 1536w, https:\/\/cultura.umh.es\/files\/2025\/03\/Ana-Rosa_banner-CAS.jpg 1661w\" sizes=\"(max-width: 300px) 100vw, 300px\" \/><\/a><\/p>\n<p><em><strong>Tren al sur 2025<\/strong><\/em> es la primera muestra de cine colombiano en Alicante que proyectar\u00e1 una selecci\u00f3n de 9 pel\u00edculas en diferentes lugares de la provincia entre los d\u00edas 22 y 29 de marzo de 2025.<\/p>\n<p>El Vicerrectorado de Cultura, Igualdad y Diversidad colabora con la proyecci\u00f3n del documental <strong><em>Ana Rosa<\/em><\/strong> de la directora <strong>Catalina Villar<\/strong>, el pr\u00f3ximo martes <strong>25 de marzo a las 18:30 horas<\/strong>, en la Cinemateca del edificio Valona del campus de Elche.<\/p>\n<p>La presentaci\u00f3n corre a cargo de Marcela Ascencio, programadora cultural. Despu\u00e9s del visionado se realizar\u00e1 un coloquio a cargo de Catalina Villar, directora del documental de modo online; y de Purificaci\u00f3n Heras, vicerrectora adjunta de Igualdad y Diversidad y especialista en antropolog\u00eda social y estudios de g\u00e9nero as\u00ed como en la aplicaci\u00f3n de la perspectiva de g\u00e9nero en enfoques multidisciplinares.<\/p>\n<p>El alumnado que asista a un m\u00ednimo de 6 sesiones podr\u00e1 recibir el correspondiente Certificado de asistencia y convalidaci\u00f3n de cr\u00e9ditos acad\u00e9micos.<\/p>\n<p>La entrada es libre hasta completar el aforo de la sala.<\/p>\n<p>Sinopsis:<\/p>\n<p>Al desocupar la casa de sus padres, Catalina Villar encuentra en el fondo de un caj\u00f3n una antigua tarjeta de identidad con la foto de Ana Rosa, la abuela paterna de quien lo \u00fanico que sabe es que fue sometida a una lobotom\u00eda a finales de los a\u00f1os 50. La pregunta del porqu\u00e9 de tal intervenci\u00f3n recorre esta pel\u00edcula y conduce a descomponer un relato familiar marcado por el silencio. Entrevistas a prestigiosos psiquiatras, visitas a familiares y archivos de diversos or\u00edgenes ponen en evidencia un memorial de coincidencias y siniestros que trascienden la tragedia privada y revelan una historia colectiva, una historia de control sobre los cuerpos de las mujeres. En una b\u00fasqueda personal, la documentalista colombiana radicada en Par\u00eds repara en la estrecha relaci\u00f3n entre psiquiatr\u00eda y sociedad, provocando la revisi\u00f3n de una \u00e9poca en Colombia y, en ella, de las narrativas sobre las que se ha sostenido el gran relato de la buena familia.&nbsp;<\/p>\n<p>Premios:<\/p>\n<p>Premio del Instituto Franc\u00e9s Louis Marcorelles a la mejor pel\u00edcula internacional en el Festival Cinema du R\u00e9el 2023, Francia.<\/p>\n<p>Premio al Mejor Largometraje Iberoamericano en el Festival Internacional de Cine Documental de Buenos Aires (FIDBA) 2023, Argentina.<\/p>\n<p><a href=\"https:\/\/trenalsur.org\/\" target=\"_blank\" rel=\"noopener\">Ir a la p\u00e1gina de Tren al Sur<\/a><\/p>\n<p>Cartel:<\/p>\n<p><a href=\"https:\/\/cultura.umh.es\/files\/2025\/03\/Ana-Rosa_web-1.jpg\"><img loading=\"lazy\" class=\"alignnone size-medium wp-image-14180\" src=\"https:\/\/cultura.umh.es\/files\/2025\/03\/Ana-Rosa_web-1-212x300.jpg\" alt=\"Cartel de Ana Rosa de Catalina Villar\" width=\"212\" height=\"300\" srcset=\"https:\/\/cultura.umh.es\/files\/2025\/03\/Ana-Rosa_web-1-212x300.jpg 212w, https:\/\/cultura.umh.es\/files\/2025\/03\/Ana-Rosa_web-1-724x1024.jpg 724w, https:\/\/cultura.umh.es\/files\/2025\/03\/Ana-Rosa_web-1-768x1086.jpg 768w, https:\/\/cultura.umh.es\/files\/2025\/03\/Ana-Rosa_web-1-1086x1536.jpg 1086w, https:\/\/cultura.umh.es\/files\/2025\/03\/Ana-Rosa_web-1.jpg 1240w\" sizes=\"(max-width: 212px) 100vw, 212px\" \/><\/a><\/p>\n<p>&nbsp;<\/p>\n<p>&nbsp;<\/p>","protected":false},"excerpt":{"rendered":"<p>Tren al sur 2025 es la primera muestra de cine colombiano en Alicante que proyectar\u00e1 una selecci\u00f3n de 9 pel\u00edculas en diferentes lugares de la provincia entre los d\u00edas 22 y 29 de marzo de 2025.<br \/>\nEl Vicerrectorado de Cultura, Igualdad y Diversidad colabora con la proyecci\u00f3n del documental Ana Rosa de la directora Catalina Villar, [&#8230;]<\/p>\n","protected":false},"author":2954,"featured_media":0,"comment_status":"closed","ping_status":"closed","sticky":false,"template":"","format":"standard","meta":{"ngg_post_thumbnail":0,"_links_to":"","_links_to_target":""},"categories":[144],"tags":[],"_links":{"self":[{"href":"https:\/\/cultura.umh.es\/es\/wp-json\/wp\/v2\/posts\/14174"}],"collection":[{"href":"https:\/\/cultura.umh.es\/es\/wp-json\/wp\/v2\/posts"}],"about":[{"href":"https:\/\/cultura.umh.es\/es\/wp-json\/wp\/v2\/types\/post"}],"author":[{"embeddable":true,"href":"https:\/\/cultura.umh.es\/es\/wp-json\/wp\/v2\/users\/2954"}],"replies":[{"embeddable":true,"href":"https:\/\/cultura.umh.es\/es\/wp-json\/wp\/v2\/comments?post=14174"}],"version-history":[{"count":0,"href":"https:\/\/cultura.umh.es\/es\/wp-json\/wp\/v2\/posts\/14174\/revisions"}],"wp:attachment":[{"href":"https:\/\/cultura.umh.es\/es\/wp-json\/wp\/v2\/media?parent=14174"}],"wp:term":[{"taxonomy":"category","embeddable":true,"href":"https:\/\/cultura.umh.es\/es\/wp-json\/wp\/v2\/categories?post=14174"},{"taxonomy":"post_tag","embeddable":true,"href":"https:\/\/cultura.umh.es\/es\/wp-json\/wp\/v2\/tags?post=14174"}],"curies":[{"name":"wp","href":"https:\/\/api.w.org\/{rel}","templated":true}]}}