{"id":14117,"date":"2025-03-14T14:32:23","date_gmt":"2025-03-14T13:32:23","guid":{"rendered":"https:\/\/cultura.umh.es\/?p=14117"},"modified":"2025-06-16T09:58:07","modified_gmt":"2025-06-16T07:58:07","slug":"pintant-a-miguel","status":"publish","type":"post","link":"https:\/\/cultura.umh.es\/es\/2025\/03\/14\/pintant-a-miguel\/","title":{"rendered":"Pintando a Miguel"},"content":{"rendered":"<p><a href=\"https:\/\/cultura.umh.es\/files\/2025\/03\/Pintando-a-Miguel_bannerCAS.jpg\"><img loading=\"lazy\" class=\"alignnone size-medium wp-image-14123\" src=\"https:\/\/cultura.umh.es\/files\/2025\/03\/Pintando-a-Miguel_bannerCAS-300x171.jpg\" alt=\"Banner de Pintando a Miguel\" width=\"300\" height=\"171\" srcset=\"https:\/\/cultura.umh.es\/files\/2025\/03\/Pintando-a-Miguel_bannerCAS-300x171.jpg 300w, https:\/\/cultura.umh.es\/files\/2025\/03\/Pintando-a-Miguel_bannerCAS-768x438.jpg 768w, https:\/\/cultura.umh.es\/files\/2025\/03\/Pintando-a-Miguel_bannerCAS.jpg 792w\" sizes=\"(max-width: 300px) 100vw, 300px\" \/><\/a><\/p>\n<p><strong><em>Pintando a Miguel<\/em><\/strong> es una representaci\u00f3n incluida en el <strong><em>Acto de Bienvenida<\/em> <\/strong>de la actividad <em><strong>La senda del poeta 2025<\/strong><\/em> y ofrecida, al p\u00fablico en general y especialmente a los y las senderistas, por parte de la Universidad Miguel Hern\u00e1ndez y el Ayuntamiento de Elche.<\/p>\n<p>En este recital po\u00e9tico dramatizado dirigido por Ad\u00e1n Rodr\u00edguez, los y las integrantes de la Compa\u00f1\u00eda de teatro UMH rememoran los versos m\u00e1s conocidos de nuestro m\u00e1s universal poeta Miguel Hern\u00e1ndez. Y \u00abnos pintar\u00e1n\u00bb verso a verso sobre las tablas el m\u00e1s bello de los lienzos con pincel, con las manos, con la voz y con el alma.<\/p>\n<p>En el aula 1.1 del edificio Arenals del campus de Elche en la Universidad Miguel Hern\u00e1ndez, el <strong>s\u00e1bado 29 de marzo<\/strong> a las 20.30 horas.<\/p>\n<p>La entrada es libre hasta completar el aforo de la sala.<\/p>\n<p>Cartel:<\/p>\n<p><a href=\"https:\/\/cultura.umh.es\/files\/2025\/03\/Pintando-a-Miguel_cartelCASweb.jpg\"><img loading=\"lazy\" class=\"alignnone size-medium wp-image-14129\" src=\"https:\/\/cultura.umh.es\/files\/2025\/03\/Pintando-a-Miguel_cartelCASweb-212x300.jpg\" alt=\"Cartel de Pintando a Miguel\" width=\"212\" height=\"300\" srcset=\"https:\/\/cultura.umh.es\/files\/2025\/03\/Pintando-a-Miguel_cartelCASweb-212x300.jpg 212w, https:\/\/cultura.umh.es\/files\/2025\/03\/Pintando-a-Miguel_cartelCASweb-724x1024.jpg 724w, https:\/\/cultura.umh.es\/files\/2025\/03\/Pintando-a-Miguel_cartelCASweb-768x1086.jpg 768w, https:\/\/cultura.umh.es\/files\/2025\/03\/Pintando-a-Miguel_cartelCASweb-1086x1536.jpg 1086w, https:\/\/cultura.umh.es\/files\/2025\/03\/Pintando-a-Miguel_cartelCASweb.jpg 1240w\" sizes=\"(max-width: 212px) 100vw, 212px\" \/><\/a><\/p>","protected":false},"excerpt":{"rendered":"<p>Pintando a Miguel es una representaci\u00f3n incluida en el Acto de Bienvenida de la actividad La senda del poeta 2025 y ofrecida, al p\u00fablico en general y especialmente a los y las senderistas, por parte de la Universidad Miguel Hern\u00e1ndez y el Ayuntamiento de Elche.<br \/>\nEn este recital po\u00e9tico dramatizado dirigido por Ad\u00e1n Rodr\u00edguez, los y [&#8230;]<\/p>\n","protected":false},"author":2954,"featured_media":0,"comment_status":"closed","ping_status":"closed","sticky":false,"template":"","format":"standard","meta":{"ngg_post_thumbnail":0,"_links_to":"","_links_to_target":""},"categories":[701],"tags":[363891],"_links":{"self":[{"href":"https:\/\/cultura.umh.es\/es\/wp-json\/wp\/v2\/posts\/14117"}],"collection":[{"href":"https:\/\/cultura.umh.es\/es\/wp-json\/wp\/v2\/posts"}],"about":[{"href":"https:\/\/cultura.umh.es\/es\/wp-json\/wp\/v2\/types\/post"}],"author":[{"embeddable":true,"href":"https:\/\/cultura.umh.es\/es\/wp-json\/wp\/v2\/users\/2954"}],"replies":[{"embeddable":true,"href":"https:\/\/cultura.umh.es\/es\/wp-json\/wp\/v2\/comments?post=14117"}],"version-history":[{"count":0,"href":"https:\/\/cultura.umh.es\/es\/wp-json\/wp\/v2\/posts\/14117\/revisions"}],"wp:attachment":[{"href":"https:\/\/cultura.umh.es\/es\/wp-json\/wp\/v2\/media?parent=14117"}],"wp:term":[{"taxonomy":"category","embeddable":true,"href":"https:\/\/cultura.umh.es\/es\/wp-json\/wp\/v2\/categories?post=14117"},{"taxonomy":"post_tag","embeddable":true,"href":"https:\/\/cultura.umh.es\/es\/wp-json\/wp\/v2\/tags?post=14117"}],"curies":[{"name":"wp","href":"https:\/\/api.w.org\/{rel}","templated":true}]}}