{"id":14087,"date":"2025-02-28T10:56:35","date_gmt":"2025-02-28T09:56:35","guid":{"rendered":"https:\/\/cultura.umh.es\/?p=14087"},"modified":"2025-06-16T09:45:40","modified_gmt":"2025-06-16T07:45:40","slug":"el-pollito","status":"publish","type":"post","link":"https:\/\/cultura.umh.es\/es\/2025\/02\/28\/el-pollito\/","title":{"rendered":"El Pollito"},"content":{"rendered":"<p><\/p>\n<p data-pm-slice=\"1 1 []\"><a href=\"https:\/\/cultura.umh.es\/files\/2025\/02\/El-pollito-banner.png\"><img loading=\"lazy\" class=\"alignnone size-medium wp-image-14092\" src=\"https:\/\/cultura.umh.es\/files\/2025\/02\/El-pollito-banner-300x167.png\" alt=\"Banner de El Pollito\" width=\"300\" height=\"167\" srcset=\"https:\/\/cultura.umh.es\/files\/2025\/02\/El-pollito-banner-300x167.png 300w, https:\/\/cultura.umh.es\/files\/2025\/02\/El-pollito-banner-1024x570.png 1024w, https:\/\/cultura.umh.es\/files\/2025\/02\/El-pollito-banner-768x427.png 768w, https:\/\/cultura.umh.es\/files\/2025\/02\/El-pollito-banner.png 1111w\" sizes=\"(max-width: 300px) 100vw, 300px\" \/><\/a><\/p>\n<p data-pm-slice=\"1 1 []\">La compa\u00f1\u00eda Maniqu\u00ed Teatre presenta <em>El Pollito<\/em>, una obra de teatro documental basada en la vida de Jes\u00fas Ruiz, conocido como \u00abEl Pollito\u00bb. La obra narra su juventud rebelde, su implicaci\u00f3n en el tr\u00e1fico de drogas y los siete a\u00f1os que pas\u00f3 en diversas prisiones de Per\u00fa.<\/p>\n<p>Escrita y dirigida por No\u00e9 Vicente, con la asistencia en direcci\u00f3n de Juan Mart\u00ednez, esta propuesta esc\u00e9nica combina humor, emoci\u00f3n y realismo para ofrecer una reflexi\u00f3n profunda sobre la vida, la supervivencia y la resistencia. Una obra impactante que forma parte del ciclo <em>Di\u00e1logos Culturales Elche-UMH<\/em> de la Universidad Miguel Hern\u00e1ndez.<\/p>\n<p><strong>12 de marzo de 2025 &#8211; 19:00 horas<\/strong><br \/>\n<strong>Sal\u00f3n de Actos del Edificio Severo Ochoa, campus de Sant Joan d&#8217;Alacant<\/strong><br \/>\n<strong>Entrada libre hasta completar aforo<\/strong><br \/>\n<strong>P\u00fablico recomendado: +16<\/strong><\/p>\n<p>Cartel:<\/p>\n<p><a href=\"https:\/\/cultura.umh.es\/files\/2025\/02\/El-Pollito_CAScartel-scaled.jpg\"><img loading=\"lazy\" class=\"alignnone size-medium wp-image-14090\" src=\"https:\/\/cultura.umh.es\/files\/2025\/02\/El-Pollito_CAScartel-212x300.jpg\" alt=\"\" width=\"212\" height=\"300\" srcset=\"https:\/\/cultura.umh.es\/files\/2025\/02\/El-Pollito_CAScartel-212x300.jpg 212w, https:\/\/cultura.umh.es\/files\/2025\/02\/El-Pollito_CAScartel-724x1024.jpg 724w, https:\/\/cultura.umh.es\/files\/2025\/02\/El-Pollito_CAScartel-768x1086.jpg 768w, https:\/\/cultura.umh.es\/files\/2025\/02\/El-Pollito_CAScartel-1086x1536.jpg 1086w, https:\/\/cultura.umh.es\/files\/2025\/02\/El-Pollito_CAScartel-1448x2048.jpg 1448w, https:\/\/cultura.umh.es\/files\/2025\/02\/El-Pollito_CAScartel-scaled.jpg 1810w\" sizes=\"(max-width: 212px) 100vw, 212px\" \/><\/a><\/p>","protected":false},"excerpt":{"rendered":"<p>La compa\u00f1\u00eda Maniqu\u00ed Teatre presenta El Pollito, una obra de teatro documental basada en la vida de Jes\u00fas Ruiz, conocido como \u00abEl Pollito\u00bb. La obra narra su juventud rebelde, su implicaci\u00f3n en el tr\u00e1fico de drogas y los siete a\u00f1os que pas\u00f3 en diversas prisiones de Per\u00fa.<br \/>\nEscrita y dirigida por No\u00e9 Vicente, con la asistencia [&#8230;]<\/p>\n","protected":false},"author":30175,"featured_media":0,"comment_status":"closed","ping_status":"closed","sticky":false,"template":"","format":"standard","meta":{"ngg_post_thumbnail":0,"_links_to":"","_links_to_target":""},"categories":[701],"tags":[1056487,1056484],"_links":{"self":[{"href":"https:\/\/cultura.umh.es\/es\/wp-json\/wp\/v2\/posts\/14087"}],"collection":[{"href":"https:\/\/cultura.umh.es\/es\/wp-json\/wp\/v2\/posts"}],"about":[{"href":"https:\/\/cultura.umh.es\/es\/wp-json\/wp\/v2\/types\/post"}],"author":[{"embeddable":true,"href":"https:\/\/cultura.umh.es\/es\/wp-json\/wp\/v2\/users\/30175"}],"replies":[{"embeddable":true,"href":"https:\/\/cultura.umh.es\/es\/wp-json\/wp\/v2\/comments?post=14087"}],"version-history":[{"count":0,"href":"https:\/\/cultura.umh.es\/es\/wp-json\/wp\/v2\/posts\/14087\/revisions"}],"wp:attachment":[{"href":"https:\/\/cultura.umh.es\/es\/wp-json\/wp\/v2\/media?parent=14087"}],"wp:term":[{"taxonomy":"category","embeddable":true,"href":"https:\/\/cultura.umh.es\/es\/wp-json\/wp\/v2\/categories?post=14087"},{"taxonomy":"post_tag","embeddable":true,"href":"https:\/\/cultura.umh.es\/es\/wp-json\/wp\/v2\/tags?post=14087"}],"curies":[{"name":"wp","href":"https:\/\/api.w.org\/{rel}","templated":true}]}}